{"id":6393,"date":"2020-02-01T19:10:44","date_gmt":"2020-02-01T19:10:44","guid":{"rendered":"https:\/\/www.tvm.co.mz\/novosite\/2020\/02\/01\/ano-lectivo-abre-com-mais-infra-estruturas-apetrechadas\/"},"modified":"2020-02-01T19:10:44","modified_gmt":"2020-02-01T19:10:44","slug":"ano-lectivo-abre-com-mais-infra-estruturas-apetrechadas","status":"publish","type":"post","link":"https:\/\/www.tvm.co.mz\/novosite\/2020\/02\/01\/ano-lectivo-abre-com-mais-infra-estruturas-apetrechadas\/","title":{"rendered":"Ano lectivo abre com mais infra-estruturas apetrechadas"},"content":{"rendered":"<p style=\"text-align: justify;\"><img fetchpriority=\"high\" decoding=\"async\" class=\" size-full wp-image-17346\" src=\"https:\/\/www.tvm.co.mz\/novosite\/wp-content\/uploads\/2020\/02\/43580075_303.jpg\" alt=\"43580075_303.jpg\" width=\"700\" height=\"394\" srcset=\"https:\/\/www.tvm.co.mz\/novosite\/wp-content\/uploads\/2020\/02\/43580075_303.jpg 700w, https:\/\/www.tvm.co.mz\/novosite\/wp-content\/uploads\/2020\/02\/43580075_303-300x169.jpg 300w\" sizes=\"(max-width: 700px) 100vw, 700px\" \/><\/p>\n<p style=\"text-align: justify;\"><span style=\"font-size: 12pt;\">O sector da Educa\u00e7\u00e3o a n\u00edvel de todo o pa\u00eds abriu o ano lectivo com a aposta na aloca\u00e7\u00e3o de mais carteiras escolares e infra-estruturas escolares, tendo em vista acomodar da melhor maneira os alunos nas diferentes classes, facto que se espera venha a contribuir para elevar as compet\u00eancias de escrita e leitura, um problema que tem sido priorizado pelo executivo nos \u00faltimos anos.<\/span><\/p>\n<p style=\"text-align: justify;\"><span style=\"font-size: 12pt;\">Com efeito, mais de sessenta e tr\u00eas mil carteiras ser\u00e3o produzidas e distribu\u00eddas pelo sector da Educa\u00e7\u00e3o e Desenvolvimento Humano para todos os distritos da prov\u00edncia da Zamb\u00e9zia. Com este n\u00famero de carteiras se estima que mais de 264 mil alunos assistam \u00e0s aulas condignamente.<\/span><\/p>\n<p style=\"text-align: justify;\"><span style=\"font-size: 12pt;\">Em Tete, o Governo prev\u00ea adquirir cerca de 3.600 carteiras escolares que beneficiar\u00e3o a 14.400 alunos, distribu\u00eddos por v\u00e1rios estabelecimentos do Sistema de Nacional de Educa\u00e7\u00e3o.<\/span><\/p>\n<p style=\"text-align: justify;\"><span style=\"font-size: 12pt;\">A Secret\u00e1ria do Estado na Zamb\u00e9zia, Judite Mussacula, revelou na cerim\u00f3nia de abertura do ano lectivo em Mocuba que este ano a prov\u00edncia vai contar com um efetivo de 1.910.142 alunos. Deste n\u00famero, 895.162 alunos s\u00e3o raparigas, o que corresponde a 42 por cento de toda popula\u00e7\u00e3o escolar matriculada.<\/span><\/p>\n<p style=\"text-align: justify;\"><span style=\"font-size: 12pt;\">Indicou que o Governo se compromete a melhorar as condi\u00e7\u00f5es de aprendizagem para os alunos e de trabalho para os professores e corpo t\u00e9cnico, com vista \u00e0 prossecu\u00e7\u00e3o dos objectivos de melhoria de qualidade do ensino.<\/span><\/p>\n<p style=\"text-align: justify;\"><span style=\"font-size: 12pt;\">Segundo ela, das sessenta e tr\u00eas mil carteiras, 62 mil ser\u00e3o produzidas com madeira resultante da \u201cOpera\u00e7\u00e3o Tronco\u201d e 1543 do Or\u00e7amento do Estado.<\/span><\/p>\n<p style=\"text-align: justify;\"><span style=\"font-size: 12pt;\">Al\u00e9m desta componente, a constru\u00e7\u00e3o de mais infra-estruturas de educa\u00e7\u00e3o, a distribui\u00e7\u00e3o de quatro mil t\u00edtulos do livro escolar, a garantia de sal\u00e1rios a tempo, bem como a flexibiliza\u00e7\u00e3o dos actos administrativos atinentes \u00e0s promo\u00e7\u00f5es e carreiras, s\u00e3o factores que poder\u00e3o contribuir para motivar a classe docente em benef\u00edcio do ensino.<\/span><\/p>\n<p style=\"text-align: justify;\"><span style=\"font-size: 12pt;\">Advertiu que o processo de gest\u00e3o escolar deve ser baseado em evid\u00eancias, atrav\u00e9s do controlo dos tempos lectivos efectivos.<\/span><\/p>\n<p style=\"text-align: justify;\"><span style=\"font-size: 12pt;\">Na prov\u00edncia da Zamb\u00e9zia, a cerim\u00f3nia central teve lugar no povoado de Mucoia no distrito de Mocuba, onde foi inaugurada uma escola prim\u00e1ria completa com cinco salas, bloco administrativo e sanit\u00e1rios. As obras custaram mais de oito milh\u00f5es de meticais do Or\u00e7amento do Estado, investimento que vai permitir que os 520 alunos da primeira \u00e0 s\u00e9tima classe estudem sem interromper as aulas, mesmo que chova.<\/span><\/p>\n<p style=\"text-align: justify;\"><span style=\"font-size: 12pt;\">Entretanto, o governador da Zamb\u00e9zia, Pio Matos, orientou id\u00eantica cerim\u00f3nia no povoado de Munhonha, no distrito de Nicoadala. Na ocasi\u00e3o, foi inaugurada uma escola prim\u00e1ria completa com capacidade para 600 alunos.<\/span><\/p>\n<p style=\"text-align: justify;\"><span style=\"font-size: 12pt;\">Indicou que o Governo vai continuar a investir na melhoria de qualidade do ensino, forma\u00e7\u00e3o de mais professores, melhoria das condi\u00e7\u00f5es de trabalho, entre outras. Para ele, o sector da Educa\u00e7\u00e3o ser\u00e1 prioridade neste mandato, com vista a capacitar os recursos humanos para responder as necessidades do pa\u00eds.<\/span><\/p>\n<p style=\"text-align: justify;\"><span style=\"font-size: 12pt;\">GOVERNO PEDE COLABORA\u00c7\u00c3O<\/span><\/p>\n<p style=\"text-align: justify;\"><span style=\"font-size: 12pt;\">Falando na cerim\u00f3nia da abertura do ano lectivo, no distrito de Marara, a Secret\u00e1ria do Estado em Tete, Elisa Zacarias, disse que no presente ano escolar ser\u00e3o contratados 535 novos docentes, sendo o grosso constitu\u00eddo por 449 professores do n\u00edvel 4, para o Ensino Prim\u00e1rio do primeiro grau.<\/span><\/p>\n<p style=\"text-align: justify;\"><span style=\"font-size: 12pt;\">Na ocasi\u00e3o, Elisa Zacarias apelou aos pais e encarregados de educa\u00e7\u00e3o para deixarem as crian\u00e7as, em particular a rapariga, frequentar o ensino, colaborando com na iniciativa do governo para o combate aos casamentos e uni\u00f5es prematuras, um dos grandes males que perpetua a pobreza no seio da popula\u00e7\u00e3o.<\/span><\/p>\n<p style=\"text-align: justify;\"><span style=\"font-size: 12pt;\">Para o presente ano est\u00e1 programada a constru\u00e7\u00e3o de 51 novas salas de aulas em todos os distritos da prov\u00edncia de Tete, ac\u00e7\u00e3o que vai possibilitar o melhoramento das condi\u00e7\u00f5es de ensino e aprendizagem dos alunos.<\/span><\/p>\n<p style=\"text-align: justify;\"><span style=\"font-size: 12pt;\">Relativamente ao livro de distribui\u00e7\u00e3o gratuita, a Educa\u00e7\u00e3o em Tete recebeu j\u00e1 colocou grande parte dos 1.807.870 livros da 1.\u00aa \u00e0 7.\u00aa classe.<\/span><\/p>\n<p style=\"text-align: justify;\"><span style=\"font-size: 12pt;\">O distrito de Marara, no centro da prov\u00edncia de Tete com cerca de 15.630 habitantes, conta para este ano lectivo com um universo de cerca de 25.230 alunos, que ser\u00e3o absorvidos por 57 estabelecimentos de ensino assistidos por 56 professores.<\/span><\/p>\n<p style=\"text-align: justify;\"><span style=\"font-size: 12pt;\">Tal como noutros pontos do pa\u00eds na capital do pa\u00eds, a abertura do ano lectivo foi marcada pela inaugura\u00e7\u00e3o de mais duas escolas, nomeadamente a Secund\u00e1ria M\u00e1rtires de Mbuzine e a Comunit\u00e1ria John Wesley, nos distritos de KaMubukwana e KaTembe, respectivamente, bem como a amplia\u00e7\u00e3o da Joaquim Chissano.<\/span><\/p>\n<p style=\"text-align: justify;\"><span style=\"font-size: 12pt;\">Com este investimento, o r\u00e1cio aluno-professor poder\u00e1 reduzir de 63 para 60, na cidade de Maputo.<\/span><\/p>\n<p style=\"text-align: justify;\"><span style=\"font-size: 12pt;\">A informa\u00e7\u00e3o foi tornada p\u00fablica ontem pela Secret\u00e1ria do Estado na capital do pa\u00eds, Sheila Santana Afonso, na cerim\u00f3nia de abertura do ano lectivo-2020 que teve lugar na Escola Secund\u00e1ria Joaquim Chissano, distrito KaMubukwana, que beneficiou da constru\u00e7\u00e3o de mais dez salas de aula.<\/span><\/p>\n<p style=\"text-align: justify;\"><span style=\"font-size: 12pt;\">Para o presente ano, o sector da Educa\u00e7\u00e3o e Desenvolvimento Humano na cidade vai funcionar com um efectivo de 349.433 alunos, que ser\u00e3o assistidos por 7.028 docentes, dos quais 54 em regime de contratados.<\/span><\/p>\n<p style=\"text-align: justify;\"><span style=\"font-size: 12pt;\">INFRA-ESTRUTURAS \u00c0 ALTURA<\/span><\/p>\n<p style=\"text-align: justify;\"><span style=\"font-size: 12pt;\">O Secret\u00e1rio de Estado da prov\u00edncia de Nampula, Mety Gondola, defendeu o aperfei\u00e7oamento das t\u00e9cnicas de constru\u00e7\u00e3o de infra-estruturas escolares, por forma a conferi-la a necess\u00e1ria consist\u00eancia e n\u00e3o sejam danificadas a cada \u00e9poca chuvosa.<\/span><\/p>\n<p style=\"text-align: justify;\"><span style=\"font-size: 12pt;\">Gondola falava ontem, no posto administrativo da Saua- <\/span><br \/><span style=\"font-size: 12pt;\">Saua, no distrito de Nacar\u00f4a, depois de ter inaugurado a Escola Secund\u00e1ria de Muchico, composta por dois blocos e com cinco salas de aula cada.<\/span><\/p>\n<p style=\"text-align: justify;\"><span style=\"font-size: 12pt;\">Segundo o dirigente, \u00e9 preocupante constatar que muitos alunos estudam ao relento ou ficam sem aulas, em cada \u00e9poca chuvosa, por a sua escola ter desabado devido \u00e0 falta de qualidade das obras de constru\u00e7\u00e3o.<\/span><\/p>\n<p style=\"text-align: justify;\"><span style=\"font-size: 12pt;\">Contudo, o Governo enalteceu o trabalho que tem sido feito pela autoridades governamentais da prov\u00edncia e parceiros de coopera\u00e7\u00e3o, visando a constru\u00e7\u00e3o de mais estabelecimentos de ensino para responder \u00e0 demanda dos alunos que se verifica em Nampula.<\/span><\/p>\n<p style=\"text-align: justify;\"><span style=\"font-size: 12pt;\">Em Gaza, o ano lectivo de 2020 abre com um total de 147 novas salas de aula, devidamente apetrechadas com mobili\u00e1rio escolar, para acolher mais de 14700 alunos que estudavam em condi\u00e7\u00f5es prec\u00e1rias.<\/span><\/p>\n<p style=\"text-align: justify;\"><span style=\"font-size: 12pt;\">Falando no distrito de Limpopo, a governadora da prov\u00edncia de Gaza precisou que o sector da Educa\u00e7\u00e3o, nesta parcela do pa\u00eds, conta com 846 escolas, das quais 778 do Ensino Prim\u00e1rio, 65 do Ensino Secund\u00e1rio e tr\u00eas institutos de forma\u00e7\u00e3o de professores, assistidos por 9776 professores.<\/span><\/p>\n<p style=\"text-align: justify;\"><span style=\"font-size: 12pt;\">Segundo Mapandzene, foram abertas no total 14 novas escolas, sendo 11 do Ensino Prim\u00e1rio e tr\u00eas de Ensino Secund\u00e1rio Geral. Igualmente, foram elevadas 23 escolas, 19 das quais prim\u00e1rias do primeiro grau para o n\u00edvel de segundo grau, cinco do Ensino Secund\u00e1rio Geral do primeiro passam a ter categoria de segundo ciclo.<\/span><\/p>\n<p style=\"text-align: justify;\"><span style=\"font-size: 12pt;\">As cerim\u00f3nias de abertura do ano lectivo 2020, ao n\u00edvel desta prov\u00edncia, decorreram, simultaneamente, nos distritos de Limpopo e Mandlakazi, com o lema \u201cPor um Educa\u00e7\u00e3o Inclusiva, Patri\u00f3tica e de Qualidade\u201d.<\/span><\/p>\n<p style=\"text-align: justify;\"><span style=\"font-size: 12pt;\">(JOCAS ACHAR)<\/span><\/p>\n","protected":false},"excerpt":{"rendered":"<div class='heateorSssClear'><\/div><div  class='heateor_sss_sharing_container heateor_sss_horizontal_sharing' data-heateor-sss-href='https:\/\/www.tvm.co.mz\/novosite\/2020\/02\/01\/ano-lectivo-abre-com-mais-infra-estruturas-apetrechadas\/'><div class='heateor_sss_sharing_title' style=\"font-weight:bold\" >Partilhe<\/div><div class=\"heateor_sss_sharing_ul\"><a aria-label=\"Facebook\" class=\"heateor_sss_facebook\" href=\"https:\/\/www.facebook.com\/sharer\/sharer.php?u=https%3A%2F%2Fwww.tvm.co.mz%2Fnovosite%2F2020%2F02%2F01%2Fano-lectivo-abre-com-mais-infra-estruturas-apetrechadas%2F\" title=\"Facebook\" rel=\"nofollow noopener\" target=\"_blank\" style=\"font-size:32px!important;box-shadow:none;display:inline-block;vertical-align:middle\"><span class=\"heateor_sss_svg\" style=\"background-color:#0765FE;width:26px;height:26px;border-radius:999px;display:inline-block;opacity:1;float:left;font-size:32px;box-shadow:none;display:inline-block;font-size:16px;padding:0 4px;vertical-align:middle;background-repeat:repeat;overflow:hidden;padding:0;cursor:pointer;box-sizing:content-box\"><svg style=\"display:block;border-radius:999px;\" focusable=\"false\" aria-hidden=\"true\" xmlns=\"http:\/\/www.w3.org\/2000\/svg\" width=\"100%\" height=\"100%\" viewBox=\"0 0 32 32\"><path fill=\"#fff\" d=\"M28 16c0-6.627-5.373-12-12-12S4 9.373 4 16c0 5.628 3.875 10.35 9.101 11.647v-7.98h-2.474V16H13.1v-1.58c0-4.085 1.849-5.978 5.859-5.978.76 0 2.072.15 2.608.298v3.325c-.283-.03-.775-.045-1.386-.045-1.967 0-2.728.745-2.728 2.683V16h3.92l-.673 3.667h-3.247v8.245C23.395 27.195 28 22.135 28 16Z\"><\/path><\/svg><\/span><\/a><a aria-label=\"X\" class=\"heateor_sss_button_x\" href=\"https:\/\/twitter.com\/intent\/tweet?text=Ano%20lectivo%20abre%20com%20mais%20infra-estruturas%20apetrechadas&url=https%3A%2F%2Fwww.tvm.co.mz%2Fnovosite%2F2020%2F02%2F01%2Fano-lectivo-abre-com-mais-infra-estruturas-apetrechadas%2F\" title=\"X\" rel=\"nofollow noopener\" target=\"_blank\" style=\"font-size:32px!important;box-shadow:none;display:inline-block;vertical-align:middle\"><span class=\"heateor_sss_svg heateor_sss_s__default heateor_sss_s_x\" style=\"background-color:#2a2a2a;width:26px;height:26px;border-radius:999px;display:inline-block;opacity:1;float:left;font-size:32px;box-shadow:none;display:inline-block;font-size:16px;padding:0 4px;vertical-align:middle;background-repeat:repeat;overflow:hidden;padding:0;cursor:pointer;box-sizing:content-box\"><svg width=\"100%\" height=\"100%\" style=\"display:block;border-radius:999px;\" focusable=\"false\" aria-hidden=\"true\" xmlns=\"http:\/\/www.w3.org\/2000\/svg\" viewBox=\"0 0 32 32\"><path fill=\"#fff\" d=\"M21.751 7h3.067l-6.7 7.658L26 25.078h-6.172l-4.833-6.32-5.531 6.32h-3.07l7.167-8.19L6 7h6.328l4.37 5.777L21.75 7Zm-1.076 16.242h1.7L11.404 8.74H9.58l11.094 14.503Z\"><\/path><\/svg><\/span><\/a><a aria-label=\"Reddit\" class=\"heateor_sss_button_reddit\" href=\"https:\/\/reddit.com\/submit?url=https%3A%2F%2Fwww.tvm.co.mz%2Fnovosite%2F2020%2F02%2F01%2Fano-lectivo-abre-com-mais-infra-estruturas-apetrechadas%2F&title=Ano%20lectivo%20abre%20com%20mais%20infra-estruturas%20apetrechadas\" title=\"Reddit\" rel=\"nofollow noopener\" target=\"_blank\" style=\"font-size:32px!important;box-shadow:none;display:inline-block;vertical-align:middle\"><span class=\"heateor_sss_svg heateor_sss_s__default heateor_sss_s_reddit\" style=\"background-color:#ff5700;width:26px;height:26px;border-radius:999px;display:inline-block;opacity:1;float:left;font-size:32px;box-shadow:none;display:inline-block;font-size:16px;padding:0 4px;vertical-align:middle;background-repeat:repeat;overflow:hidden;padding:0;cursor:pointer;box-sizing:content-box\"><svg style=\"display:block;border-radius:999px;\" focusable=\"false\" aria-hidden=\"true\" xmlns=\"http:\/\/www.w3.org\/2000\/svg\" width=\"100%\" height=\"100%\" viewBox=\"-3.5 -3.5 39 39\"><path d=\"M28.543 15.774a2.953 2.953 0 0 0-2.951-2.949 2.882 2.882 0 0 0-1.9.713 14.075 14.075 0 0 0-6.85-2.044l1.38-4.349 3.768.884a2.452 2.452 0 1 0 .24-1.176l-4.274-1a.6.6 0 0 0-.709.4l-1.659 5.224a14.314 14.314 0 0 0-7.316 2.029 2.908 2.908 0 0 0-1.872-.681 2.942 2.942 0 0 0-1.618 5.4 5.109 5.109 0 0 0-.062.765c0 4.158 5.037 7.541 11.229 7.541s11.22-3.383 11.22-7.541a5.2 5.2 0 0 0-.053-.706 2.963 2.963 0 0 0 1.427-2.51zm-18.008 1.88a1.753 1.753 0 0 1 1.73-1.74 1.73 1.73 0 0 1 1.709 1.74 1.709 1.709 0 0 1-1.709 1.711 1.733 1.733 0 0 1-1.73-1.711zm9.565 4.968a5.573 5.573 0 0 1-4.081 1.272h-.032a5.576 5.576 0 0 1-4.087-1.272.6.6 0 0 1 .844-.854 4.5 4.5 0 0 0 3.238.927h.032a4.5 4.5 0 0 0 3.237-.927.6.6 0 1 1 .844.854zm-.331-3.256a1.726 1.726 0 1 1 1.709-1.712 1.717 1.717 0 0 1-1.712 1.712z\" fill=\"#fff\"\/><\/svg><\/span><\/a><a aria-label=\"Linkedin\" class=\"heateor_sss_button_linkedin\" href=\"https:\/\/www.linkedin.com\/sharing\/share-offsite\/?url=https%3A%2F%2Fwww.tvm.co.mz%2Fnovosite%2F2020%2F02%2F01%2Fano-lectivo-abre-com-mais-infra-estruturas-apetrechadas%2F\" title=\"Linkedin\" rel=\"nofollow noopener\" target=\"_blank\" style=\"font-size:32px!important;box-shadow:none;display:inline-block;vertical-align:middle\"><span class=\"heateor_sss_svg heateor_sss_s__default heateor_sss_s_linkedin\" style=\"background-color:#0077b5;width:26px;height:26px;border-radius:999px;display:inline-block;opacity:1;float:left;font-size:32px;box-shadow:none;display:inline-block;font-size:16px;padding:0 4px;vertical-align:middle;background-repeat:repeat;overflow:hidden;padding:0;cursor:pointer;box-sizing:content-box\"><svg style=\"display:block;border-radius:999px;\" focusable=\"false\" aria-hidden=\"true\" xmlns=\"http:\/\/www.w3.org\/2000\/svg\" width=\"100%\" height=\"100%\" viewBox=\"0 0 32 32\"><path d=\"M6.227 12.61h4.19v13.48h-4.19V12.61zm2.095-6.7a2.43 2.43 0 0 1 0 4.86c-1.344 0-2.428-1.09-2.428-2.43s1.084-2.43 2.428-2.43m4.72 6.7h4.02v1.84h.058c.56-1.058 1.927-2.176 3.965-2.176 4.238 0 5.02 2.792 5.02 6.42v7.395h-4.183v-6.56c0-1.564-.03-3.574-2.178-3.574-2.18 0-2.514 1.7-2.514 3.46v6.668h-4.187V12.61z\" fill=\"#fff\"><\/path><\/svg><\/span><\/a><a aria-label=\"Pinterest\" class=\"heateor_sss_button_pinterest\" href=\"https:\/\/www.tvm.co.mz\/novosite\/2020\/02\/01\/ano-lectivo-abre-com-mais-infra-estruturas-apetrechadas\/\" onclick=\"event.preventDefault();javascript:void( (function() {var e=document.createElement('script' );e.setAttribute('type','text\/javascript' );e.setAttribute('charset','UTF-8' );e.setAttribute('src','\/\/assets.pinterest.com\/js\/pinmarklet.js?r='+Math.random()*99999999);document.body.appendChild(e)})());\" title=\"Pinterest\" rel=\"noopener\" style=\"font-size:32px!important;box-shadow:none;display:inline-block;vertical-align:middle\"><span class=\"heateor_sss_svg heateor_sss_s__default heateor_sss_s_pinterest\" style=\"background-color:#cc2329;width:26px;height:26px;border-radius:999px;display:inline-block;opacity:1;float:left;font-size:32px;box-shadow:none;display:inline-block;font-size:16px;padding:0 4px;vertical-align:middle;background-repeat:repeat;overflow:hidden;padding:0;cursor:pointer;box-sizing:content-box\"><svg style=\"display:block;border-radius:999px;\" focusable=\"false\" aria-hidden=\"true\" xmlns=\"http:\/\/www.w3.org\/2000\/svg\" width=\"100%\" height=\"100%\" viewBox=\"-2 -2 35 35\"><path fill=\"#fff\" d=\"M16.539 4.5c-6.277 0-9.442 4.5-9.442 8.253 0 2.272.86 4.293 2.705 5.046.303.125.574.005.662-.33.061-.231.205-.816.27-1.06.088-.331.053-.447-.191-.736-.532-.627-.873-1.439-.873-2.591 0-3.338 2.498-6.327 6.505-6.327 3.548 0 5.497 2.168 5.497 5.062 0 3.81-1.686 7.025-4.188 7.025-1.382 0-2.416-1.142-2.085-2.545.397-1.674 1.166-3.48 1.166-4.689 0-1.081-.581-1.983-1.782-1.983-1.413 0-2.548 1.462-2.548 3.419 0 1.247.421 2.091.421 2.091l-1.699 7.199c-.505 2.137-.076 4.755-.039 5.019.021.158.223.196.314.077.13-.17 1.813-2.247 2.384-4.324.162-.587.929-3.631.929-3.631.46.876 1.801 1.646 3.227 1.646 4.247 0 7.128-3.871 7.128-9.053.003-3.918-3.317-7.568-8.361-7.568z\"\/><\/svg><\/span><\/a><a aria-label=\"Mastodon\" class=\"heateor_sss_button_mastodon\" href=\"https:\/\/mastodon.social\/share?text=https%3A%2F%2Fwww.tvm.co.mz%2Fnovosite%2F2020%2F02%2F01%2Fano-lectivo-abre-com-mais-infra-estruturas-apetrechadas%2F&title=Ano%20lectivo%20abre%20com%20mais%20infra-estruturas%20apetrechadas\" title=\"Mastodon\" rel=\"nofollow noopener\" target=\"_blank\" style=\"font-size:32px!important;box-shadow:none;display:inline-block;vertical-align:middle\"><span class=\"heateor_sss_svg heateor_sss_s__default heateor_sss_s_mastodon\" style=\"background-color:#6364FF;width:26px;height:26px;border-radius:999px;display:inline-block;opacity:1;float:left;font-size:32px;box-shadow:none;display:inline-block;font-size:16px;padding:0 4px;vertical-align:middle;background-repeat:repeat;overflow:hidden;padding:0;cursor:pointer;box-sizing:content-box\"><svg style=\"display:block;border-radius:999px;\" focusable=\"false\" aria-hidden=\"true\" xmlns=\"http:\/\/www.w3.org\/2000\/svg\" width=\"100%\" height=\"100%\" viewBox=\"-3.5 -3.5 39 39\"><path d=\"M27 12c0-5.12-3.35-6.62-3.35-6.62C22 4.56 19.05 4.23 16 4.21c-3 0-5.92.35-7.61 1.12C8.36 5.33 5 6.83 5 12v4c.12 5 .92 9.93 5.54 11.16a17.67 17.67 0 005.44.6 10.88 10.88 0 004.18-.95l-.09-1.95a13.36 13.36 0 01-4.07.54c-2.12-.07-4.37-.23-4.71-2.84a5.58 5.58 0 01-.05-.73 27.46 27.46 0 004.73.63 26.76 26.76 0 004.68-.28c3-.35 5.53-2.17 5.85-3.83A39.25 39.25 0 0027 12zm-3.95 6.59h-2.46v-6c0-1.27-.53-1.91-1.6-1.91s-1.77.76-1.77 2.27v3.29h-2.44v-3.35c0-1.51-.59-2.27-1.77-2.27s-1.6.64-1.6 1.91v6H9v-6.18a4.49 4.49 0 011-3 3.39 3.39 0 012.63-1.12 3.17 3.17 0 012.84 1.44l.61 1 .61-1a3.17 3.17 0 012.84-1.44 3.39 3.39 0 012.63 1.12 4.49 4.49 0 011 3z\" fill=\"#fff\"><\/path><\/svg><\/span><\/a><a aria-label=\"Mix\" class=\"heateor_sss_button_mix\" href=\"https:\/\/mix.com\/mixit?url=https%3A%2F%2Fwww.tvm.co.mz%2Fnovosite%2F2020%2F02%2F01%2Fano-lectivo-abre-com-mais-infra-estruturas-apetrechadas%2F\" title=\"Mix\" rel=\"nofollow noopener\" target=\"_blank\" style=\"font-size:32px!important;box-shadow:none;display:inline-block;vertical-align:middle\"><span class=\"heateor_sss_svg heateor_sss_s__default heateor_sss_s_mix\" style=\"background-color:#ff8226;width:26px;height:26px;border-radius:999px;display:inline-block;opacity:1;float:left;font-size:32px;box-shadow:none;display:inline-block;font-size:16px;padding:0 4px;vertical-align:middle;background-repeat:repeat;overflow:hidden;padding:0;cursor:pointer;box-sizing:content-box\"><svg focusable=\"false\" aria-hidden=\"true\" xmlns=\"http:\/\/www.w3.org\/2000\/svg\" width=\"100%\" height=\"100%\" viewBox=\"-7 -8 45 45\"><g fill=\"#fff\"><path opacity=\".8\" d=\"M27.87 4.125c-5.224 0-9.467 4.159-9.467 9.291v2.89c0-1.306 1.074-2.362 2.399-2.362s2.399 1.056 2.399 2.362v1.204c0 1.306 1.074 2.362 2.399 2.362s2.399-1.056 2.399-2.362V4.134c-.036-.009-.082-.009-.129-.009\"\/><path d=\"M4 4.125v12.94c2.566 0 4.668-1.973 4.807-4.465v-2.214c0-.065 0-.12.009-.176.093-1.213 1.13-2.177 2.39-2.177 1.325 0 2.399 1.056 2.399 2.362v9.226c0 1.306 1.074 2.353 2.399 2.353s2.399-1.056 2.399-2.353v-6.206c0-5.132 4.233-9.291 9.467-9.291H4z\"\/><path opacity=\".8\" d=\"M4 17.074v8.438c0 1.306 1.074 2.362 2.399 2.362s2.399-1.056 2.399-2.362V12.61C8.659 15.102 6.566 17.074 4 17.074\"\/><\/g><\/svg><\/span><\/a><a aria-label=\"Whatsapp\" class=\"heateor_sss_whatsapp\" href=\"https:\/\/api.whatsapp.com\/send?text=Ano%20lectivo%20abre%20com%20mais%20infra-estruturas%20apetrechadas%20https%3A%2F%2Fwww.tvm.co.mz%2Fnovosite%2F2020%2F02%2F01%2Fano-lectivo-abre-com-mais-infra-estruturas-apetrechadas%2F\" title=\"Whatsapp\" rel=\"nofollow noopener\" target=\"_blank\" style=\"font-size:32px!important;box-shadow:none;display:inline-block;vertical-align:middle\"><span class=\"heateor_sss_svg\" style=\"background-color:#55eb4c;width:26px;height:26px;border-radius:999px;display:inline-block;opacity:1;float:left;font-size:32px;box-shadow:none;display:inline-block;font-size:16px;padding:0 4px;vertical-align:middle;background-repeat:repeat;overflow:hidden;padding:0;cursor:pointer;box-sizing:content-box\"><svg style=\"display:block;border-radius:999px;\" focusable=\"false\" aria-hidden=\"true\" xmlns=\"http:\/\/www.w3.org\/2000\/svg\" width=\"100%\" height=\"100%\" viewBox=\"-6 -5 40 40\"><path class=\"heateor_sss_svg_stroke heateor_sss_no_fill\" stroke=\"#fff\" stroke-width=\"2\" fill=\"none\" d=\"M 11.579798566743314 24.396926207859085 A 10 10 0 1 0 6.808479557110079 20.73576436351046\"><\/path><path d=\"M 7 19 l -1 6 l 6 -1\" class=\"heateor_sss_no_fill heateor_sss_svg_stroke\" stroke=\"#fff\" stroke-width=\"2\" fill=\"none\"><\/path><path d=\"M 10 10 q -1 8 8 11 c 5 -1 0 -6 -1 -3 q -4 -3 -5 -5 c 4 -2 -1 -5 -1 -4\" fill=\"#fff\"><\/path><\/svg><\/span><\/a><a class=\"heateor_sss_more\" aria-label=\"More\" title=\"More\" rel=\"nofollow noopener\" style=\"font-size: 32px!important;border:0;box-shadow:none;display:inline-block!important;font-size:16px;padding:0 4px;vertical-align: middle;display:inline;\" href=\"https:\/\/www.tvm.co.mz\/novosite\/2020\/02\/01\/ano-lectivo-abre-com-mais-infra-estruturas-apetrechadas\/\" onclick=\"event.preventDefault()\"><span class=\"heateor_sss_svg\" style=\"background-color:#ee8e2d;width:26px;height:26px;border-radius:999px;display:inline-block!important;opacity:1;float:left;font-size:32px!important;box-shadow:none;display:inline-block;font-size:16px;padding:0 4px;vertical-align:middle;display:inline;background-repeat:repeat;overflow:hidden;padding:0;cursor:pointer;box-sizing:content-box;\" onclick=\"heateorSssMoreSharingPopup(this, 'https:\/\/www.tvm.co.mz\/novosite\/2020\/02\/01\/ano-lectivo-abre-com-mais-infra-estruturas-apetrechadas\/', 'Ano%20lectivo%20abre%20com%20mais%20infra-estruturas%20apetrechadas', '' )\"><svg xmlns=\"http:\/\/www.w3.org\/2000\/svg\" xmlns:xlink=\"http:\/\/www.w3.org\/1999\/xlink\" viewBox=\"-.3 0 32 32\" version=\"1.1\" width=\"100%\" height=\"100%\" style=\"display:block;border-radius:999px;\" xml:space=\"preserve\"><g><path fill=\"#fff\" d=\"M18 14V8h-4v6H8v4h6v6h4v-6h6v-4h-6z\" fill-rule=\"evenodd\"><\/path><\/g><\/svg><\/span><\/a><\/div><div class=\"heateorSssClear\"><\/div><\/div><div class='heateorSssClear'><\/div><br\/><p>O sector da Educa\u00e7\u00e3o a n\u00edvel de todo o pa\u00eds abriu o ano lectivo com a aposta na aloca\u00e7\u00e3o de mais carteiras escolares e infra-estruturas escolares, tendo em vista acomodar da melhor maneira os alunos nas diferentes classes, facto que se espera venha a contribuir para elevar as compet\u00eancias de escrita e leitura, um problema que tem sido priorizado pelo executivo nos \u00faltimos anos. Com efeito, mais de sessenta e tr\u00eas mil carteiras ser\u00e3o produzidas e distribu\u00eddas pelo sector da Educa\u00e7\u00e3o e Desenvolvimento Humano para todos os distritos da prov\u00edncia da Zamb\u00e9zia. Com este n\u00famero de carteiras se estima que mais de 264 mil alunos assistam \u00e0s aulas condignamente. Em Tete, o Governo prev\u00ea adquirir cerca de 3.600 carteiras escolares que beneficiar\u00e3o a 14.400 alunos, distribu\u00eddos por v\u00e1rios estabelecimentos do Sistema de Nacional de Educa\u00e7\u00e3o. A Secret\u00e1ria do Estado na Zamb\u00e9zia, Judite Mussacula, revelou na cerim\u00f3nia de abertura do ano lectivo em Mocuba que este ano a prov\u00edncia vai contar com um efetivo de 1.910.142 alunos. Deste n\u00famero, 895.162 alunos s\u00e3o raparigas, o que corresponde a 42 por cento de toda popula\u00e7\u00e3o escolar matriculada. Indicou que o Governo se compromete a melhorar as condi\u00e7\u00f5es de aprendizagem para os alunos e de trabalho para os professores e corpo t\u00e9cnico, com vista \u00e0 prossecu\u00e7\u00e3o dos objectivos de melhoria de qualidade do ensino. Segundo ela, das sessenta e tr\u00eas mil carteiras, 62 mil ser\u00e3o produzidas com madeira resultante da \u201cOpera\u00e7\u00e3o Tronco\u201d e 1543 do Or\u00e7amento do Estado. Al\u00e9m desta componente, a constru\u00e7\u00e3o de mais infra-estruturas de educa\u00e7\u00e3o, a distribui\u00e7\u00e3o de quatro mil t\u00edtulos do livro escolar, a garantia de sal\u00e1rios a tempo, bem como a flexibiliza\u00e7\u00e3o dos actos administrativos atinentes \u00e0s promo\u00e7\u00f5es e carreiras, s\u00e3o factores que poder\u00e3o contribuir para motivar a classe docente em benef\u00edcio do ensino. Advertiu que o processo de gest\u00e3o escolar deve ser baseado em evid\u00eancias, atrav\u00e9s do controlo dos tempos lectivos efectivos. Na prov\u00edncia da Zamb\u00e9zia, a cerim\u00f3nia central teve lugar no povoado de Mucoia no distrito de Mocuba, onde foi inaugurada uma escola prim\u00e1ria completa com cinco salas, bloco administrativo e sanit\u00e1rios. As obras custaram mais de oito milh\u00f5es de meticais do Or\u00e7amento do Estado, investimento que vai permitir que os 520 alunos da primeira \u00e0 s\u00e9tima classe estudem sem interromper as aulas, mesmo que chova. Entretanto, o governador da Zamb\u00e9zia, Pio Matos, orientou id\u00eantica cerim\u00f3nia no povoado de Munhonha, no distrito de Nicoadala. Na ocasi\u00e3o, foi inaugurada uma escola prim\u00e1ria completa com capacidade para 600 alunos. Indicou que o Governo vai continuar a investir na melhoria de qualidade do ensino, forma\u00e7\u00e3o de mais professores, melhoria das condi\u00e7\u00f5es de trabalho, entre outras. Para ele, o sector da Educa\u00e7\u00e3o ser\u00e1 prioridade neste mandato, com vista a capacitar os recursos humanos para responder as necessidades do pa\u00eds. GOVERNO PEDE COLABORA\u00c7\u00c3O Falando na cerim\u00f3nia da abertura do ano lectivo, no distrito de Marara, a Secret\u00e1ria do Estado em Tete, Elisa Zacarias, disse que no presente ano escolar ser\u00e3o contratados 535 novos docentes, sendo o grosso constitu\u00eddo por 449 professores do n\u00edvel 4, para o Ensino Prim\u00e1rio do primeiro grau. Na ocasi\u00e3o, Elisa Zacarias apelou aos pais e encarregados de educa\u00e7\u00e3o para deixarem as crian\u00e7as, em particular a rapariga, frequentar o ensino, colaborando com na iniciativa do governo para o combate aos casamentos e uni\u00f5es prematuras, um dos grandes males que perpetua a pobreza no seio da popula\u00e7\u00e3o. Para o presente ano est\u00e1 programada a constru\u00e7\u00e3o de 51 novas salas de aulas em todos os distritos da prov\u00edncia de Tete, ac\u00e7\u00e3o que vai possibilitar o melhoramento das condi\u00e7\u00f5es de ensino e aprendizagem dos alunos. Relativamente ao livro de distribui\u00e7\u00e3o gratuita, a Educa\u00e7\u00e3o em Tete recebeu j\u00e1 colocou grande parte dos 1.807.870 livros da 1.\u00aa \u00e0 7.\u00aa classe. O distrito de Marara, no centro da prov\u00edncia de Tete com cerca de 15.630 habitantes, conta para este ano lectivo com um universo de cerca de 25.230 alunos, que ser\u00e3o absorvidos por 57 estabelecimentos de ensino assistidos por 56 professores. Tal como noutros pontos do pa\u00eds na capital do pa\u00eds, a abertura do ano lectivo foi marcada pela inaugura\u00e7\u00e3o de mais duas escolas, nomeadamente a Secund\u00e1ria M\u00e1rtires de Mbuzine e a Comunit\u00e1ria John Wesley, nos distritos de KaMubukwana e KaTembe, respectivamente, bem como a amplia\u00e7\u00e3o da Joaquim Chissano. Com este investimento, o r\u00e1cio aluno-professor poder\u00e1 reduzir de 63 para 60, na cidade de Maputo. A informa\u00e7\u00e3o foi tornada p\u00fablica ontem pela Secret\u00e1ria do Estado na capital do pa\u00eds, Sheila Santana Afonso, na cerim\u00f3nia de abertura do ano lectivo-2020 que teve lugar na Escola Secund\u00e1ria Joaquim Chissano, distrito KaMubukwana, que beneficiou da constru\u00e7\u00e3o de mais dez salas de aula. Para o presente ano, o sector da Educa\u00e7\u00e3o e Desenvolvimento Humano na cidade vai funcionar com um efectivo de 349.433 alunos, que ser\u00e3o assistidos por 7.028 docentes, dos quais 54 em regime de contratados. INFRA-ESTRUTURAS \u00c0 ALTURA O Secret\u00e1rio de Estado da prov\u00edncia de Nampula, Mety Gondola, defendeu o aperfei\u00e7oamento das t\u00e9cnicas de constru\u00e7\u00e3o de infra-estruturas escolares, por forma a conferi-la a necess\u00e1ria consist\u00eancia e n\u00e3o sejam danificadas a cada \u00e9poca chuvosa. Gondola falava ontem, no posto administrativo da Saua- Saua, no distrito de Nacar\u00f4a, depois de ter inaugurado a Escola Secund\u00e1ria de Muchico, composta por dois blocos e com cinco salas de aula cada. Segundo o dirigente, \u00e9 preocupante constatar que muitos alunos estudam ao relento ou ficam sem aulas, em cada \u00e9poca chuvosa, por a sua escola ter desabado devido \u00e0 falta de qualidade das obras de constru\u00e7\u00e3o. Contudo, o Governo enalteceu o trabalho que tem sido feito pela autoridades governamentais da prov\u00edncia e parceiros de coopera\u00e7\u00e3o, visando a constru\u00e7\u00e3o de mais estabelecimentos de ensino para responder \u00e0 demanda dos alunos que se verifica em Nampula. Em Gaza, o ano lectivo de 2020 abre com um total de 147 novas salas de aula, devidamente apetrechadas com mobili\u00e1rio escolar, para acolher mais de 14700 alunos que estudavam em condi\u00e7\u00f5es prec\u00e1rias. Falando no distrito de Limpopo, a governadora da prov\u00edncia de Gaza precisou que o sector da Educa\u00e7\u00e3o, nesta parcela do pa\u00eds, conta com 846<\/p>\n<br\/><div class='heateorSssClear'><\/div><div  class='heateor_sss_sharing_container heateor_sss_horizontal_sharing' data-heateor-sss-href='https:\/\/www.tvm.co.mz\/novosite\/2020\/02\/01\/ano-lectivo-abre-com-mais-infra-estruturas-apetrechadas\/'><div class='heateor_sss_sharing_title' style=\"font-weight:bold\" >Partilhe<\/div><div class=\"heateor_sss_sharing_ul\"><a aria-label=\"Facebook\" class=\"heateor_sss_facebook\" href=\"https:\/\/www.facebook.com\/sharer\/sharer.php?u=https%3A%2F%2Fwww.tvm.co.mz%2Fnovosite%2F2020%2F02%2F01%2Fano-lectivo-abre-com-mais-infra-estruturas-apetrechadas%2F\" title=\"Facebook\" rel=\"nofollow noopener\" target=\"_blank\" style=\"font-size:32px!important;box-shadow:none;display:inline-block;vertical-align:middle\"><span class=\"heateor_sss_svg\" style=\"background-color:#0765FE;width:26px;height:26px;border-radius:999px;display:inline-block;opacity:1;float:left;font-size:32px;box-shadow:none;display:inline-block;font-size:16px;padding:0 4px;vertical-align:middle;background-repeat:repeat;overflow:hidden;padding:0;cursor:pointer;box-sizing:content-box\"><svg style=\"display:block;border-radius:999px;\" focusable=\"false\" aria-hidden=\"true\" xmlns=\"http:\/\/www.w3.org\/2000\/svg\" width=\"100%\" height=\"100%\" viewBox=\"0 0 32 32\"><path fill=\"#fff\" d=\"M28 16c0-6.627-5.373-12-12-12S4 9.373 4 16c0 5.628 3.875 10.35 9.101 11.647v-7.98h-2.474V16H13.1v-1.58c0-4.085 1.849-5.978 5.859-5.978.76 0 2.072.15 2.608.298v3.325c-.283-.03-.775-.045-1.386-.045-1.967 0-2.728.745-2.728 2.683V16h3.92l-.673 3.667h-3.247v8.245C23.395 27.195 28 22.135 28 16Z\"><\/path><\/svg><\/span><\/a><a aria-label=\"X\" class=\"heateor_sss_button_x\" href=\"https:\/\/twitter.com\/intent\/tweet?text=Ano%20lectivo%20abre%20com%20mais%20infra-estruturas%20apetrechadas&url=https%3A%2F%2Fwww.tvm.co.mz%2Fnovosite%2F2020%2F02%2F01%2Fano-lectivo-abre-com-mais-infra-estruturas-apetrechadas%2F\" title=\"X\" rel=\"nofollow noopener\" target=\"_blank\" style=\"font-size:32px!important;box-shadow:none;display:inline-block;vertical-align:middle\"><span class=\"heateor_sss_svg heateor_sss_s__default heateor_sss_s_x\" style=\"background-color:#2a2a2a;width:26px;height:26px;border-radius:999px;display:inline-block;opacity:1;float:left;font-size:32px;box-shadow:none;display:inline-block;font-size:16px;padding:0 4px;vertical-align:middle;background-repeat:repeat;overflow:hidden;padding:0;cursor:pointer;box-sizing:content-box\"><svg width=\"100%\" height=\"100%\" style=\"display:block;border-radius:999px;\" focusable=\"false\" aria-hidden=\"true\" xmlns=\"http:\/\/www.w3.org\/2000\/svg\" viewBox=\"0 0 32 32\"><path fill=\"#fff\" d=\"M21.751 7h3.067l-6.7 7.658L26 25.078h-6.172l-4.833-6.32-5.531 6.32h-3.07l7.167-8.19L6 7h6.328l4.37 5.777L21.75 7Zm-1.076 16.242h1.7L11.404 8.74H9.58l11.094 14.503Z\"><\/path><\/svg><\/span><\/a><a aria-label=\"Reddit\" class=\"heateor_sss_button_reddit\" href=\"https:\/\/reddit.com\/submit?url=https%3A%2F%2Fwww.tvm.co.mz%2Fnovosite%2F2020%2F02%2F01%2Fano-lectivo-abre-com-mais-infra-estruturas-apetrechadas%2F&title=Ano%20lectivo%20abre%20com%20mais%20infra-estruturas%20apetrechadas\" title=\"Reddit\" rel=\"nofollow noopener\" target=\"_blank\" style=\"font-size:32px!important;box-shadow:none;display:inline-block;vertical-align:middle\"><span class=\"heateor_sss_svg heateor_sss_s__default heateor_sss_s_reddit\" style=\"background-color:#ff5700;width:26px;height:26px;border-radius:999px;display:inline-block;opacity:1;float:left;font-size:32px;box-shadow:none;display:inline-block;font-size:16px;padding:0 4px;vertical-align:middle;background-repeat:repeat;overflow:hidden;padding:0;cursor:pointer;box-sizing:content-box\"><svg style=\"display:block;border-radius:999px;\" focusable=\"false\" aria-hidden=\"true\" xmlns=\"http:\/\/www.w3.org\/2000\/svg\" width=\"100%\" height=\"100%\" viewBox=\"-3.5 -3.5 39 39\"><path d=\"M28.543 15.774a2.953 2.953 0 0 0-2.951-2.949 2.882 2.882 0 0 0-1.9.713 14.075 14.075 0 0 0-6.85-2.044l1.38-4.349 3.768.884a2.452 2.452 0 1 0 .24-1.176l-4.274-1a.6.6 0 0 0-.709.4l-1.659 5.224a14.314 14.314 0 0 0-7.316 2.029 2.908 2.908 0 0 0-1.872-.681 2.942 2.942 0 0 0-1.618 5.4 5.109 5.109 0 0 0-.062.765c0 4.158 5.037 7.541 11.229 7.541s11.22-3.383 11.22-7.541a5.2 5.2 0 0 0-.053-.706 2.963 2.963 0 0 0 1.427-2.51zm-18.008 1.88a1.753 1.753 0 0 1 1.73-1.74 1.73 1.73 0 0 1 1.709 1.74 1.709 1.709 0 0 1-1.709 1.711 1.733 1.733 0 0 1-1.73-1.711zm9.565 4.968a5.573 5.573 0 0 1-4.081 1.272h-.032a5.576 5.576 0 0 1-4.087-1.272.6.6 0 0 1 .844-.854 4.5 4.5 0 0 0 3.238.927h.032a4.5 4.5 0 0 0 3.237-.927.6.6 0 1 1 .844.854zm-.331-3.256a1.726 1.726 0 1 1 1.709-1.712 1.717 1.717 0 0 1-1.712 1.712z\" fill=\"#fff\"\/><\/svg><\/span><\/a><a aria-label=\"Linkedin\" class=\"heateor_sss_button_linkedin\" href=\"https:\/\/www.linkedin.com\/sharing\/share-offsite\/?url=https%3A%2F%2Fwww.tvm.co.mz%2Fnovosite%2F2020%2F02%2F01%2Fano-lectivo-abre-com-mais-infra-estruturas-apetrechadas%2F\" title=\"Linkedin\" rel=\"nofollow noopener\" target=\"_blank\" style=\"font-size:32px!important;box-shadow:none;display:inline-block;vertical-align:middle\"><span class=\"heateor_sss_svg heateor_sss_s__default heateor_sss_s_linkedin\" style=\"background-color:#0077b5;width:26px;height:26px;border-radius:999px;display:inline-block;opacity:1;float:left;font-size:32px;box-shadow:none;display:inline-block;font-size:16px;padding:0 4px;vertical-align:middle;background-repeat:repeat;overflow:hidden;padding:0;cursor:pointer;box-sizing:content-box\"><svg style=\"display:block;border-radius:999px;\" focusable=\"false\" aria-hidden=\"true\" xmlns=\"http:\/\/www.w3.org\/2000\/svg\" width=\"100%\" height=\"100%\" viewBox=\"0 0 32 32\"><path d=\"M6.227 12.61h4.19v13.48h-4.19V12.61zm2.095-6.7a2.43 2.43 0 0 1 0 4.86c-1.344 0-2.428-1.09-2.428-2.43s1.084-2.43 2.428-2.43m4.72 6.7h4.02v1.84h.058c.56-1.058 1.927-2.176 3.965-2.176 4.238 0 5.02 2.792 5.02 6.42v7.395h-4.183v-6.56c0-1.564-.03-3.574-2.178-3.574-2.18 0-2.514 1.7-2.514 3.46v6.668h-4.187V12.61z\" fill=\"#fff\"><\/path><\/svg><\/span><\/a><a aria-label=\"Pinterest\" class=\"heateor_sss_button_pinterest\" href=\"https:\/\/www.tvm.co.mz\/novosite\/2020\/02\/01\/ano-lectivo-abre-com-mais-infra-estruturas-apetrechadas\/\" onclick=\"event.preventDefault();javascript:void( (function() {var e=document.createElement('script' );e.setAttribute('type','text\/javascript' );e.setAttribute('charset','UTF-8' );e.setAttribute('src','\/\/assets.pinterest.com\/js\/pinmarklet.js?r='+Math.random()*99999999);document.body.appendChild(e)})());\" title=\"Pinterest\" rel=\"noopener\" style=\"font-size:32px!important;box-shadow:none;display:inline-block;vertical-align:middle\"><span class=\"heateor_sss_svg heateor_sss_s__default heateor_sss_s_pinterest\" style=\"background-color:#cc2329;width:26px;height:26px;border-radius:999px;display:inline-block;opacity:1;float:left;font-size:32px;box-shadow:none;display:inline-block;font-size:16px;padding:0 4px;vertical-align:middle;background-repeat:repeat;overflow:hidden;padding:0;cursor:pointer;box-sizing:content-box\"><svg style=\"display:block;border-radius:999px;\" focusable=\"false\" aria-hidden=\"true\" xmlns=\"http:\/\/www.w3.org\/2000\/svg\" width=\"100%\" height=\"100%\" viewBox=\"-2 -2 35 35\"><path fill=\"#fff\" d=\"M16.539 4.5c-6.277 0-9.442 4.5-9.442 8.253 0 2.272.86 4.293 2.705 5.046.303.125.574.005.662-.33.061-.231.205-.816.27-1.06.088-.331.053-.447-.191-.736-.532-.627-.873-1.439-.873-2.591 0-3.338 2.498-6.327 6.505-6.327 3.548 0 5.497 2.168 5.497 5.062 0 3.81-1.686 7.025-4.188 7.025-1.382 0-2.416-1.142-2.085-2.545.397-1.674 1.166-3.48 1.166-4.689 0-1.081-.581-1.983-1.782-1.983-1.413 0-2.548 1.462-2.548 3.419 0 1.247.421 2.091.421 2.091l-1.699 7.199c-.505 2.137-.076 4.755-.039 5.019.021.158.223.196.314.077.13-.17 1.813-2.247 2.384-4.324.162-.587.929-3.631.929-3.631.46.876 1.801 1.646 3.227 1.646 4.247 0 7.128-3.871 7.128-9.053.003-3.918-3.317-7.568-8.361-7.568z\"\/><\/svg><\/span><\/a><a aria-label=\"Mastodon\" class=\"heateor_sss_button_mastodon\" href=\"https:\/\/mastodon.social\/share?text=https%3A%2F%2Fwww.tvm.co.mz%2Fnovosite%2F2020%2F02%2F01%2Fano-lectivo-abre-com-mais-infra-estruturas-apetrechadas%2F&title=Ano%20lectivo%20abre%20com%20mais%20infra-estruturas%20apetrechadas\" title=\"Mastodon\" rel=\"nofollow noopener\" target=\"_blank\" style=\"font-size:32px!important;box-shadow:none;display:inline-block;vertical-align:middle\"><span class=\"heateor_sss_svg heateor_sss_s__default heateor_sss_s_mastodon\" style=\"background-color:#6364FF;width:26px;height:26px;border-radius:999px;display:inline-block;opacity:1;float:left;font-size:32px;box-shadow:none;display:inline-block;font-size:16px;padding:0 4px;vertical-align:middle;background-repeat:repeat;overflow:hidden;padding:0;cursor:pointer;box-sizing:content-box\"><svg style=\"display:block;border-radius:999px;\" focusable=\"false\" aria-hidden=\"true\" xmlns=\"http:\/\/www.w3.org\/2000\/svg\" width=\"100%\" height=\"100%\" viewBox=\"-3.5 -3.5 39 39\"><path d=\"M27 12c0-5.12-3.35-6.62-3.35-6.62C22 4.56 19.05 4.23 16 4.21c-3 0-5.92.35-7.61 1.12C8.36 5.33 5 6.83 5 12v4c.12 5 .92 9.93 5.54 11.16a17.67 17.67 0 005.44.6 10.88 10.88 0 004.18-.95l-.09-1.95a13.36 13.36 0 01-4.07.54c-2.12-.07-4.37-.23-4.71-2.84a5.58 5.58 0 01-.05-.73 27.46 27.46 0 004.73.63 26.76 26.76 0 004.68-.28c3-.35 5.53-2.17 5.85-3.83A39.25 39.25 0 0027 12zm-3.95 6.59h-2.46v-6c0-1.27-.53-1.91-1.6-1.91s-1.77.76-1.77 2.27v3.29h-2.44v-3.35c0-1.51-.59-2.27-1.77-2.27s-1.6.64-1.6 1.91v6H9v-6.18a4.49 4.49 0 011-3 3.39 3.39 0 012.63-1.12 3.17 3.17 0 012.84 1.44l.61 1 .61-1a3.17 3.17 0 012.84-1.44 3.39 3.39 0 012.63 1.12 4.49 4.49 0 011 3z\" fill=\"#fff\"><\/path><\/svg><\/span><\/a><a aria-label=\"Mix\" class=\"heateor_sss_button_mix\" href=\"https:\/\/mix.com\/mixit?url=https%3A%2F%2Fwww.tvm.co.mz%2Fnovosite%2F2020%2F02%2F01%2Fano-lectivo-abre-com-mais-infra-estruturas-apetrechadas%2F\" title=\"Mix\" rel=\"nofollow noopener\" target=\"_blank\" style=\"font-size:32px!important;box-shadow:none;display:inline-block;vertical-align:middle\"><span class=\"heateor_sss_svg heateor_sss_s__default heateor_sss_s_mix\" style=\"background-color:#ff8226;width:26px;height:26px;border-radius:999px;display:inline-block;opacity:1;float:left;font-size:32px;box-shadow:none;display:inline-block;font-size:16px;padding:0 4px;vertical-align:middle;background-repeat:repeat;overflow:hidden;padding:0;cursor:pointer;box-sizing:content-box\"><svg focusable=\"false\" aria-hidden=\"true\" xmlns=\"http:\/\/www.w3.org\/2000\/svg\" width=\"100%\" height=\"100%\" viewBox=\"-7 -8 45 45\"><g fill=\"#fff\"><path opacity=\".8\" d=\"M27.87 4.125c-5.224 0-9.467 4.159-9.467 9.291v2.89c0-1.306 1.074-2.362 2.399-2.362s2.399 1.056 2.399 2.362v1.204c0 1.306 1.074 2.362 2.399 2.362s2.399-1.056 2.399-2.362V4.134c-.036-.009-.082-.009-.129-.009\"\/><path d=\"M4 4.125v12.94c2.566 0 4.668-1.973 4.807-4.465v-2.214c0-.065 0-.12.009-.176.093-1.213 1.13-2.177 2.39-2.177 1.325 0 2.399 1.056 2.399 2.362v9.226c0 1.306 1.074 2.353 2.399 2.353s2.399-1.056 2.399-2.353v-6.206c0-5.132 4.233-9.291 9.467-9.291H4z\"\/><path opacity=\".8\" d=\"M4 17.074v8.438c0 1.306 1.074 2.362 2.399 2.362s2.399-1.056 2.399-2.362V12.61C8.659 15.102 6.566 17.074 4 17.074\"\/><\/g><\/svg><\/span><\/a><a aria-label=\"Whatsapp\" class=\"heateor_sss_whatsapp\" href=\"https:\/\/api.whatsapp.com\/send?text=Ano%20lectivo%20abre%20com%20mais%20infra-estruturas%20apetrechadas%20https%3A%2F%2Fwww.tvm.co.mz%2Fnovosite%2F2020%2F02%2F01%2Fano-lectivo-abre-com-mais-infra-estruturas-apetrechadas%2F\" title=\"Whatsapp\" rel=\"nofollow noopener\" target=\"_blank\" style=\"font-size:32px!important;box-shadow:none;display:inline-block;vertical-align:middle\"><span class=\"heateor_sss_svg\" style=\"background-color:#55eb4c;width:26px;height:26px;border-radius:999px;display:inline-block;opacity:1;float:left;font-size:32px;box-shadow:none;display:inline-block;font-size:16px;padding:0 4px;vertical-align:middle;background-repeat:repeat;overflow:hidden;padding:0;cursor:pointer;box-sizing:content-box\"><svg style=\"display:block;border-radius:999px;\" focusable=\"false\" aria-hidden=\"true\" xmlns=\"http:\/\/www.w3.org\/2000\/svg\" width=\"100%\" height=\"100%\" viewBox=\"-6 -5 40 40\"><path class=\"heateor_sss_svg_stroke heateor_sss_no_fill\" stroke=\"#fff\" stroke-width=\"2\" fill=\"none\" d=\"M 11.579798566743314 24.396926207859085 A 10 10 0 1 0 6.808479557110079 20.73576436351046\"><\/path><path d=\"M 7 19 l -1 6 l 6 -1\" class=\"heateor_sss_no_fill heateor_sss_svg_stroke\" stroke=\"#fff\" stroke-width=\"2\" fill=\"none\"><\/path><path d=\"M 10 10 q -1 8 8 11 c 5 -1 0 -6 -1 -3 q -4 -3 -5 -5 c 4 -2 -1 -5 -1 -4\" fill=\"#fff\"><\/path><\/svg><\/span><\/a><a class=\"heateor_sss_more\" aria-label=\"More\" title=\"More\" rel=\"nofollow noopener\" style=\"font-size: 32px!important;border:0;box-shadow:none;display:inline-block!important;font-size:16px;padding:0 4px;vertical-align: middle;display:inline;\" href=\"https:\/\/www.tvm.co.mz\/novosite\/2020\/02\/01\/ano-lectivo-abre-com-mais-infra-estruturas-apetrechadas\/\" onclick=\"event.preventDefault()\"><span class=\"heateor_sss_svg\" style=\"background-color:#ee8e2d;width:26px;height:26px;border-radius:999px;display:inline-block!important;opacity:1;float:left;font-size:32px!important;box-shadow:none;display:inline-block;font-size:16px;padding:0 4px;vertical-align:middle;display:inline;background-repeat:repeat;overflow:hidden;padding:0;cursor:pointer;box-sizing:content-box;\" onclick=\"heateorSssMoreSharingPopup(this, 'https:\/\/www.tvm.co.mz\/novosite\/2020\/02\/01\/ano-lectivo-abre-com-mais-infra-estruturas-apetrechadas\/', 'Ano%20lectivo%20abre%20com%20mais%20infra-estruturas%20apetrechadas', '' )\"><svg xmlns=\"http:\/\/www.w3.org\/2000\/svg\" xmlns:xlink=\"http:\/\/www.w3.org\/1999\/xlink\" viewBox=\"-.3 0 32 32\" version=\"1.1\" width=\"100%\" height=\"100%\" style=\"display:block;border-radius:999px;\" xml:space=\"preserve\"><g><path fill=\"#fff\" d=\"M18 14V8h-4v6H8v4h6v6h4v-6h6v-4h-6z\" fill-rule=\"evenodd\"><\/path><\/g><\/svg><\/span><\/a><\/div><div class=\"heateorSssClear\"><\/div><\/div><div class='heateorSssClear'><\/div>","protected":false},"author":2,"featured_media":17346,"comment_status":"open","ping_status":"open","sticky":false,"template":"","format":"standard","meta":{"site-sidebar-layout":"default","site-content-layout":"","ast-site-content-layout":"default","site-content-style":"default","site-sidebar-style":"default","ast-global-header-display":"","ast-banner-title-visibility":"","ast-main-header-display":"","ast-hfb-above-header-display":"","ast-hfb-below-header-display":"","ast-hfb-mobile-header-display":"","site-post-title":"","ast-breadcrumbs-content":"","ast-featured-img":"","footer-sml-layout":"","theme-transparent-header-meta":"","adv-header-id-meta":"","stick-header-meta":"","header-above-stick-meta":"","header-main-stick-meta":"","header-below-stick-meta":"","astra-migrate-meta-layouts":"default","ast-page-background-enabled":"default","ast-page-background-meta":{"desktop":{"background-color":"var(--ast-global-color-4)","background-image":"","background-repeat":"repeat","background-position":"center center","background-size":"auto","background-attachment":"scroll","background-type":"","background-media":"","overlay-type":"","overlay-color":"","overlay-opacity":"","overlay-gradient":""},"tablet":{"background-color":"","background-image":"","background-repeat":"repeat","background-position":"center center","background-size":"auto","background-attachment":"scroll","background-type":"","background-media":"","overlay-type":"","overlay-color":"","overlay-opacity":"","overlay-gradient":""},"mobile":{"background-color":"","background-image":"","background-repeat":"repeat","background-position":"center center","background-size":"auto","background-attachment":"scroll","background-type":"","background-media":"","overlay-type":"","overlay-color":"","overlay-opacity":"","overlay-gradient":""}},"ast-content-background-meta":{"desktop":{"background-color":"var(--ast-global-color-5)","background-image":"","background-repeat":"repeat","background-position":"center center","background-size":"auto","background-attachment":"scroll","background-type":"","background-media":"","overlay-type":"","overlay-color":"","overlay-opacity":"","overlay-gradient":""},"tablet":{"background-color":"var(--ast-global-color-5)","background-image":"","background-repeat":"repeat","background-position":"center center","background-size":"auto","background-attachment":"scroll","background-type":"","background-media":"","overlay-type":"","overlay-color":"","overlay-opacity":"","overlay-gradient":""},"mobile":{"background-color":"var(--ast-global-color-5)","background-image":"","background-repeat":"repeat","background-position":"center center","background-size":"auto","background-attachment":"scroll","background-type":"","background-media":"","overlay-type":"","overlay-color":"","overlay-opacity":"","overlay-gradient":""}},"footnotes":""},"categories":[11],"tags":[],"class_list":["post-6393","post","type-post","status-publish","format-standard","has-post-thumbnail","hentry","category-nacional-noticias-site-de-noticias"],"yoast_head":"<!-- This site is optimized with the Yoast SEO plugin v27.4 - https:\/\/yoast.com\/product\/yoast-seo-wordpress\/ -->\n<title>Ano lectivo abre com mais infra-estruturas apetrechadas - TVM - Televis\u00e3o de Mo\u00e7ambique<\/title>\n<meta name=\"robots\" content=\"index, follow, max-snippet:-1, max-image-preview:large, max-video-preview:-1\" \/>\n<link rel=\"canonical\" href=\"https:\/\/www.tvm.co.mz\/novosite\/2020\/02\/01\/ano-lectivo-abre-com-mais-infra-estruturas-apetrechadas\/\" \/>\n<meta property=\"og:locale\" content=\"pt_PT\" \/>\n<meta property=\"og:type\" content=\"article\" \/>\n<meta property=\"og:title\" content=\"Ano lectivo abre com mais infra-estruturas apetrechadas - TVM - Televis\u00e3o de Mo\u00e7ambique\" \/>\n<meta property=\"og:description\" content=\"O sector da Educa\u00e7\u00e3o a n\u00edvel de todo o pa\u00eds abriu o ano lectivo com a aposta na aloca\u00e7\u00e3o de mais carteiras escolares e infra-estruturas escolares, tendo em vista acomodar da melhor maneira os alunos nas diferentes classes, facto que se espera venha a contribuir para elevar as compet\u00eancias de escrita e leitura, um problema que tem sido priorizado pelo executivo nos \u00faltimos anos. Com efeito, mais de sessenta e tr\u00eas mil carteiras ser\u00e3o produzidas e distribu\u00eddas pelo sector da Educa\u00e7\u00e3o e Desenvolvimento Humano para todos os distritos da prov\u00edncia da Zamb\u00e9zia. Com este n\u00famero de carteiras se estima que mais de 264 mil alunos assistam \u00e0s aulas condignamente. Em Tete, o Governo prev\u00ea adquirir cerca de 3.600 carteiras escolares que beneficiar\u00e3o a 14.400 alunos, distribu\u00eddos por v\u00e1rios estabelecimentos do Sistema de Nacional de Educa\u00e7\u00e3o. A Secret\u00e1ria do Estado na Zamb\u00e9zia, Judite Mussacula, revelou na cerim\u00f3nia de abertura do ano lectivo em Mocuba que este ano a prov\u00edncia vai contar com um efetivo de 1.910.142 alunos. Deste n\u00famero, 895.162 alunos s\u00e3o raparigas, o que corresponde a 42 por cento de toda popula\u00e7\u00e3o escolar matriculada. Indicou que o Governo se compromete a melhorar as condi\u00e7\u00f5es de aprendizagem para os alunos e de trabalho para os professores e corpo t\u00e9cnico, com vista \u00e0 prossecu\u00e7\u00e3o dos objectivos de melhoria de qualidade do ensino. Segundo ela, das sessenta e tr\u00eas mil carteiras, 62 mil ser\u00e3o produzidas com madeira resultante da \u201cOpera\u00e7\u00e3o Tronco\u201d e 1543 do Or\u00e7amento do Estado. Al\u00e9m desta componente, a constru\u00e7\u00e3o de mais infra-estruturas de educa\u00e7\u00e3o, a distribui\u00e7\u00e3o de quatro mil t\u00edtulos do livro escolar, a garantia de sal\u00e1rios a tempo, bem como a flexibiliza\u00e7\u00e3o dos actos administrativos atinentes \u00e0s promo\u00e7\u00f5es e carreiras, s\u00e3o factores que poder\u00e3o contribuir para motivar a classe docente em benef\u00edcio do ensino. Advertiu que o processo de gest\u00e3o escolar deve ser baseado em evid\u00eancias, atrav\u00e9s do controlo dos tempos lectivos efectivos. Na prov\u00edncia da Zamb\u00e9zia, a cerim\u00f3nia central teve lugar no povoado de Mucoia no distrito de Mocuba, onde foi inaugurada uma escola prim\u00e1ria completa com cinco salas, bloco administrativo e sanit\u00e1rios. As obras custaram mais de oito milh\u00f5es de meticais do Or\u00e7amento do Estado, investimento que vai permitir que os 520 alunos da primeira \u00e0 s\u00e9tima classe estudem sem interromper as aulas, mesmo que chova. Entretanto, o governador da Zamb\u00e9zia, Pio Matos, orientou id\u00eantica cerim\u00f3nia no povoado de Munhonha, no distrito de Nicoadala. Na ocasi\u00e3o, foi inaugurada uma escola prim\u00e1ria completa com capacidade para 600 alunos. Indicou que o Governo vai continuar a investir na melhoria de qualidade do ensino, forma\u00e7\u00e3o de mais professores, melhoria das condi\u00e7\u00f5es de trabalho, entre outras. Para ele, o sector da Educa\u00e7\u00e3o ser\u00e1 prioridade neste mandato, com vista a capacitar os recursos humanos para responder as necessidades do pa\u00eds. GOVERNO PEDE COLABORA\u00c7\u00c3O Falando na cerim\u00f3nia da abertura do ano lectivo, no distrito de Marara, a Secret\u00e1ria do Estado em Tete, Elisa Zacarias, disse que no presente ano escolar ser\u00e3o contratados 535 novos docentes, sendo o grosso constitu\u00eddo por 449 professores do n\u00edvel 4, para o Ensino Prim\u00e1rio do primeiro grau. Na ocasi\u00e3o, Elisa Zacarias apelou aos pais e encarregados de educa\u00e7\u00e3o para deixarem as crian\u00e7as, em particular a rapariga, frequentar o ensino, colaborando com na iniciativa do governo para o combate aos casamentos e uni\u00f5es prematuras, um dos grandes males que perpetua a pobreza no seio da popula\u00e7\u00e3o. Para o presente ano est\u00e1 programada a constru\u00e7\u00e3o de 51 novas salas de aulas em todos os distritos da prov\u00edncia de Tete, ac\u00e7\u00e3o que vai possibilitar o melhoramento das condi\u00e7\u00f5es de ensino e aprendizagem dos alunos. Relativamente ao livro de distribui\u00e7\u00e3o gratuita, a Educa\u00e7\u00e3o em Tete recebeu j\u00e1 colocou grande parte dos 1.807.870 livros da 1.\u00aa \u00e0 7.\u00aa classe. O distrito de Marara, no centro da prov\u00edncia de Tete com cerca de 15.630 habitantes, conta para este ano lectivo com um universo de cerca de 25.230 alunos, que ser\u00e3o absorvidos por 57 estabelecimentos de ensino assistidos por 56 professores. Tal como noutros pontos do pa\u00eds na capital do pa\u00eds, a abertura do ano lectivo foi marcada pela inaugura\u00e7\u00e3o de mais duas escolas, nomeadamente a Secund\u00e1ria M\u00e1rtires de Mbuzine e a Comunit\u00e1ria John Wesley, nos distritos de KaMubukwana e KaTembe, respectivamente, bem como a amplia\u00e7\u00e3o da Joaquim Chissano. Com este investimento, o r\u00e1cio aluno-professor poder\u00e1 reduzir de 63 para 60, na cidade de Maputo. A informa\u00e7\u00e3o foi tornada p\u00fablica ontem pela Secret\u00e1ria do Estado na capital do pa\u00eds, Sheila Santana Afonso, na cerim\u00f3nia de abertura do ano lectivo-2020 que teve lugar na Escola Secund\u00e1ria Joaquim Chissano, distrito KaMubukwana, que beneficiou da constru\u00e7\u00e3o de mais dez salas de aula. Para o presente ano, o sector da Educa\u00e7\u00e3o e Desenvolvimento Humano na cidade vai funcionar com um efectivo de 349.433 alunos, que ser\u00e3o assistidos por 7.028 docentes, dos quais 54 em regime de contratados. INFRA-ESTRUTURAS \u00c0 ALTURA O Secret\u00e1rio de Estado da prov\u00edncia de Nampula, Mety Gondola, defendeu o aperfei\u00e7oamento das t\u00e9cnicas de constru\u00e7\u00e3o de infra-estruturas escolares, por forma a conferi-la a necess\u00e1ria consist\u00eancia e n\u00e3o sejam danificadas a cada \u00e9poca chuvosa. Gondola falava ontem, no posto administrativo da Saua- Saua, no distrito de Nacar\u00f4a, depois de ter inaugurado a Escola Secund\u00e1ria de Muchico, composta por dois blocos e com cinco salas de aula cada. Segundo o dirigente, \u00e9 preocupante constatar que muitos alunos estudam ao relento ou ficam sem aulas, em cada \u00e9poca chuvosa, por a sua escola ter desabado devido \u00e0 falta de qualidade das obras de constru\u00e7\u00e3o. Contudo, o Governo enalteceu o trabalho que tem sido feito pela autoridades governamentais da prov\u00edncia e parceiros de coopera\u00e7\u00e3o, visando a constru\u00e7\u00e3o de mais estabelecimentos de ensino para responder \u00e0 demanda dos alunos que se verifica em Nampula. Em Gaza, o ano lectivo de 2020 abre com um total de 147 novas salas de aula, devidamente apetrechadas com mobili\u00e1rio escolar, para acolher mais de 14700 alunos que estudavam em condi\u00e7\u00f5es prec\u00e1rias. Falando no distrito de Limpopo, a governadora da prov\u00edncia de Gaza precisou que o sector da Educa\u00e7\u00e3o, nesta parcela do pa\u00eds, conta com 846\" \/>\n<meta property=\"og:url\" content=\"https:\/\/www.tvm.co.mz\/novosite\/2020\/02\/01\/ano-lectivo-abre-com-mais-infra-estruturas-apetrechadas\/\" \/>\n<meta property=\"og:site_name\" content=\"TVM - Televis\u00e3o de Mo\u00e7ambique\" \/>\n<meta property=\"article:publisher\" content=\"https:\/\/www.facebook.com\/mocambique.tvm\/\" \/>\n<meta property=\"article:published_time\" content=\"2020-02-01T19:10:44+00:00\" \/>\n<meta property=\"og:image\" content=\"https:\/\/www.tvm.co.mz\/novosite\/wp-content\/uploads\/2020\/02\/43580075_303.jpg\" \/>\n\t<meta property=\"og:image:width\" content=\"700\" \/>\n\t<meta property=\"og:image:height\" content=\"394\" \/>\n\t<meta property=\"og:image:type\" content=\"image\/jpeg\" \/>\n<meta name=\"author\" content=\"Leopoldino Bambo\" \/>\n<meta name=\"twitter:card\" content=\"summary_large_image\" \/>\n<meta name=\"twitter:label1\" content=\"Escrito por\" \/>\n\t<meta name=\"twitter:data1\" content=\"Leopoldino Bambo\" \/>\n\t<meta name=\"twitter:label2\" content=\"Tempo estimado de leitura\" \/>\n\t<meta name=\"twitter:data2\" content=\"6 minutos\" \/>\n<script type=\"application\/ld+json\" class=\"yoast-schema-graph\">{\"@context\":\"https:\\\/\\\/schema.org\",\"@graph\":[{\"@type\":\"Article\",\"@id\":\"https:\\\/\\\/www.tvm.co.mz\\\/novosite\\\/2020\\\/02\\\/01\\\/ano-lectivo-abre-com-mais-infra-estruturas-apetrechadas\\\/#article\",\"isPartOf\":{\"@id\":\"https:\\\/\\\/www.tvm.co.mz\\\/novosite\\\/2020\\\/02\\\/01\\\/ano-lectivo-abre-com-mais-infra-estruturas-apetrechadas\\\/\"},\"author\":{\"name\":\"Leopoldino Bambo\",\"@id\":\"https:\\\/\\\/www.tvm.co.mz\\\/novosite\\\/#\\\/schema\\\/person\\\/e0c12bde9d88d0f565050c69026b2153\"},\"headline\":\"Ano lectivo abre com mais infra-estruturas apetrechadas\",\"datePublished\":\"2020-02-01T19:10:44+00:00\",\"mainEntityOfPage\":{\"@id\":\"https:\\\/\\\/www.tvm.co.mz\\\/novosite\\\/2020\\\/02\\\/01\\\/ano-lectivo-abre-com-mais-infra-estruturas-apetrechadas\\\/\"},\"wordCount\":1201,\"commentCount\":0,\"publisher\":{\"@id\":\"https:\\\/\\\/www.tvm.co.mz\\\/novosite\\\/#organization\"},\"image\":{\"@id\":\"https:\\\/\\\/www.tvm.co.mz\\\/novosite\\\/2020\\\/02\\\/01\\\/ano-lectivo-abre-com-mais-infra-estruturas-apetrechadas\\\/#primaryimage\"},\"thumbnailUrl\":\"https:\\\/\\\/www.tvm.co.mz\\\/novosite\\\/wp-content\\\/uploads\\\/2020\\\/02\\\/43580075_303.jpg\",\"articleSection\":[\"Nacional\"],\"inLanguage\":\"pt-PT\"},{\"@type\":\"WebPage\",\"@id\":\"https:\\\/\\\/www.tvm.co.mz\\\/novosite\\\/2020\\\/02\\\/01\\\/ano-lectivo-abre-com-mais-infra-estruturas-apetrechadas\\\/\",\"url\":\"https:\\\/\\\/www.tvm.co.mz\\\/novosite\\\/2020\\\/02\\\/01\\\/ano-lectivo-abre-com-mais-infra-estruturas-apetrechadas\\\/\",\"name\":\"Ano lectivo abre com mais infra-estruturas apetrechadas - TVM - Televis\u00e3o de Mo\u00e7ambique\",\"isPartOf\":{\"@id\":\"https:\\\/\\\/www.tvm.co.mz\\\/novosite\\\/#website\"},\"primaryImageOfPage\":{\"@id\":\"https:\\\/\\\/www.tvm.co.mz\\\/novosite\\\/2020\\\/02\\\/01\\\/ano-lectivo-abre-com-mais-infra-estruturas-apetrechadas\\\/#primaryimage\"},\"image\":{\"@id\":\"https:\\\/\\\/www.tvm.co.mz\\\/novosite\\\/2020\\\/02\\\/01\\\/ano-lectivo-abre-com-mais-infra-estruturas-apetrechadas\\\/#primaryimage\"},\"thumbnailUrl\":\"https:\\\/\\\/www.tvm.co.mz\\\/novosite\\\/wp-content\\\/uploads\\\/2020\\\/02\\\/43580075_303.jpg\",\"datePublished\":\"2020-02-01T19:10:44+00:00\",\"breadcrumb\":{\"@id\":\"https:\\\/\\\/www.tvm.co.mz\\\/novosite\\\/2020\\\/02\\\/01\\\/ano-lectivo-abre-com-mais-infra-estruturas-apetrechadas\\\/#breadcrumb\"},\"inLanguage\":\"pt-PT\",\"potentialAction\":[{\"@type\":\"ReadAction\",\"target\":[\"https:\\\/\\\/www.tvm.co.mz\\\/novosite\\\/2020\\\/02\\\/01\\\/ano-lectivo-abre-com-mais-infra-estruturas-apetrechadas\\\/\"]}]},{\"@type\":\"ImageObject\",\"inLanguage\":\"pt-PT\",\"@id\":\"https:\\\/\\\/www.tvm.co.mz\\\/novosite\\\/2020\\\/02\\\/01\\\/ano-lectivo-abre-com-mais-infra-estruturas-apetrechadas\\\/#primaryimage\",\"url\":\"https:\\\/\\\/www.tvm.co.mz\\\/novosite\\\/wp-content\\\/uploads\\\/2020\\\/02\\\/43580075_303.jpg\",\"contentUrl\":\"https:\\\/\\\/www.tvm.co.mz\\\/novosite\\\/wp-content\\\/uploads\\\/2020\\\/02\\\/43580075_303.jpg\",\"width\":700,\"height\":394,\"caption\":\"43580075_303.jpg\"},{\"@type\":\"BreadcrumbList\",\"@id\":\"https:\\\/\\\/www.tvm.co.mz\\\/novosite\\\/2020\\\/02\\\/01\\\/ano-lectivo-abre-com-mais-infra-estruturas-apetrechadas\\\/#breadcrumb\",\"itemListElement\":[{\"@type\":\"ListItem\",\"position\":1,\"name\":\"In\u00edcio\",\"item\":\"https:\\\/\\\/www.tvm.co.mz\\\/novosite\\\/\"},{\"@type\":\"ListItem\",\"position\":2,\"name\":\"Ano lectivo abre com mais infra-estruturas apetrechadas\"}]},{\"@type\":\"WebSite\",\"@id\":\"https:\\\/\\\/www.tvm.co.mz\\\/novosite\\\/#website\",\"url\":\"https:\\\/\\\/www.tvm.co.mz\\\/novosite\\\/\",\"name\":\"TVM\",\"description\":\"\",\"publisher\":{\"@id\":\"https:\\\/\\\/www.tvm.co.mz\\\/novosite\\\/#organization\"},\"potentialAction\":[{\"@type\":\"SearchAction\",\"target\":{\"@type\":\"EntryPoint\",\"urlTemplate\":\"https:\\\/\\\/www.tvm.co.mz\\\/novosite\\\/?s={search_term_string}\"},\"query-input\":{\"@type\":\"PropertyValueSpecification\",\"valueRequired\":true,\"valueName\":\"search_term_string\"}}],\"inLanguage\":\"pt-PT\"},{\"@type\":\"Organization\",\"@id\":\"https:\\\/\\\/www.tvm.co.mz\\\/novosite\\\/#organization\",\"name\":\"Televis\u00e3o de Mo\u00e7ambique\",\"url\":\"https:\\\/\\\/www.tvm.co.mz\\\/novosite\\\/\",\"logo\":{\"@type\":\"ImageObject\",\"inLanguage\":\"pt-PT\",\"@id\":\"https:\\\/\\\/www.tvm.co.mz\\\/novosite\\\/#\\\/schema\\\/logo\\\/image\\\/\",\"url\":\"\",\"contentUrl\":\"\",\"caption\":\"Televis\u00e3o de Mo\u00e7ambique\"},\"image\":{\"@id\":\"https:\\\/\\\/www.tvm.co.mz\\\/novosite\\\/#\\\/schema\\\/logo\\\/image\\\/\"},\"sameAs\":[\"https:\\\/\\\/www.facebook.com\\\/mocambique.tvm\\\/\",\"https:\\\/\\\/www.instagram.com\\\/tvm.mocambique\\\/\",\"https:\\\/\\\/www.youtube.com\\\/channel\\\/UCfRoEW08udEmsPSIt_YDK_w\"]},{\"@type\":\"Person\",\"@id\":\"https:\\\/\\\/www.tvm.co.mz\\\/novosite\\\/#\\\/schema\\\/person\\\/e0c12bde9d88d0f565050c69026b2153\",\"name\":\"Leopoldino Bambo\",\"image\":{\"@type\":\"ImageObject\",\"inLanguage\":\"pt-PT\",\"@id\":\"https:\\\/\\\/secure.gravatar.com\\\/avatar\\\/a46f76d18fbd6ecb2837dc42d02d7f8deb29bd50e7b92ef10700b19b5dd427f4?s=96&d=mm&r=g\",\"url\":\"https:\\\/\\\/secure.gravatar.com\\\/avatar\\\/a46f76d18fbd6ecb2837dc42d02d7f8deb29bd50e7b92ef10700b19b5dd427f4?s=96&d=mm&r=g\",\"contentUrl\":\"https:\\\/\\\/secure.gravatar.com\\\/avatar\\\/a46f76d18fbd6ecb2837dc42d02d7f8deb29bd50e7b92ef10700b19b5dd427f4?s=96&d=mm&r=g\",\"caption\":\"Leopoldino Bambo\"},\"url\":\"https:\\\/\\\/www.tvm.co.mz\\\/novosite\\\/author\\\/lbambo\\\/\"}]}<\/script>\n<!-- \/ Yoast SEO plugin. -->","yoast_head_json":{"title":"Ano lectivo abre com mais infra-estruturas apetrechadas - TVM - Televis\u00e3o de Mo\u00e7ambique","robots":{"index":"index","follow":"follow","max-snippet":"max-snippet:-1","max-image-preview":"max-image-preview:large","max-video-preview":"max-video-preview:-1"},"canonical":"https:\/\/www.tvm.co.mz\/novosite\/2020\/02\/01\/ano-lectivo-abre-com-mais-infra-estruturas-apetrechadas\/","og_locale":"pt_PT","og_type":"article","og_title":"Ano lectivo abre com mais infra-estruturas apetrechadas - TVM - Televis\u00e3o de Mo\u00e7ambique","og_description":"O sector da Educa\u00e7\u00e3o a n\u00edvel de todo o pa\u00eds abriu o ano lectivo com a aposta na aloca\u00e7\u00e3o de mais carteiras escolares e infra-estruturas escolares, tendo em vista acomodar da melhor maneira os alunos nas diferentes classes, facto que se espera venha a contribuir para elevar as compet\u00eancias de escrita e leitura, um problema que tem sido priorizado pelo executivo nos \u00faltimos anos. Com efeito, mais de sessenta e tr\u00eas mil carteiras ser\u00e3o produzidas e distribu\u00eddas pelo sector da Educa\u00e7\u00e3o e Desenvolvimento Humano para todos os distritos da prov\u00edncia da Zamb\u00e9zia. Com este n\u00famero de carteiras se estima que mais de 264 mil alunos assistam \u00e0s aulas condignamente. Em Tete, o Governo prev\u00ea adquirir cerca de 3.600 carteiras escolares que beneficiar\u00e3o a 14.400 alunos, distribu\u00eddos por v\u00e1rios estabelecimentos do Sistema de Nacional de Educa\u00e7\u00e3o. A Secret\u00e1ria do Estado na Zamb\u00e9zia, Judite Mussacula, revelou na cerim\u00f3nia de abertura do ano lectivo em Mocuba que este ano a prov\u00edncia vai contar com um efetivo de 1.910.142 alunos. Deste n\u00famero, 895.162 alunos s\u00e3o raparigas, o que corresponde a 42 por cento de toda popula\u00e7\u00e3o escolar matriculada. Indicou que o Governo se compromete a melhorar as condi\u00e7\u00f5es de aprendizagem para os alunos e de trabalho para os professores e corpo t\u00e9cnico, com vista \u00e0 prossecu\u00e7\u00e3o dos objectivos de melhoria de qualidade do ensino. Segundo ela, das sessenta e tr\u00eas mil carteiras, 62 mil ser\u00e3o produzidas com madeira resultante da \u201cOpera\u00e7\u00e3o Tronco\u201d e 1543 do Or\u00e7amento do Estado. Al\u00e9m desta componente, a constru\u00e7\u00e3o de mais infra-estruturas de educa\u00e7\u00e3o, a distribui\u00e7\u00e3o de quatro mil t\u00edtulos do livro escolar, a garantia de sal\u00e1rios a tempo, bem como a flexibiliza\u00e7\u00e3o dos actos administrativos atinentes \u00e0s promo\u00e7\u00f5es e carreiras, s\u00e3o factores que poder\u00e3o contribuir para motivar a classe docente em benef\u00edcio do ensino. Advertiu que o processo de gest\u00e3o escolar deve ser baseado em evid\u00eancias, atrav\u00e9s do controlo dos tempos lectivos efectivos. Na prov\u00edncia da Zamb\u00e9zia, a cerim\u00f3nia central teve lugar no povoado de Mucoia no distrito de Mocuba, onde foi inaugurada uma escola prim\u00e1ria completa com cinco salas, bloco administrativo e sanit\u00e1rios. As obras custaram mais de oito milh\u00f5es de meticais do Or\u00e7amento do Estado, investimento que vai permitir que os 520 alunos da primeira \u00e0 s\u00e9tima classe estudem sem interromper as aulas, mesmo que chova. Entretanto, o governador da Zamb\u00e9zia, Pio Matos, orientou id\u00eantica cerim\u00f3nia no povoado de Munhonha, no distrito de Nicoadala. Na ocasi\u00e3o, foi inaugurada uma escola prim\u00e1ria completa com capacidade para 600 alunos. Indicou que o Governo vai continuar a investir na melhoria de qualidade do ensino, forma\u00e7\u00e3o de mais professores, melhoria das condi\u00e7\u00f5es de trabalho, entre outras. Para ele, o sector da Educa\u00e7\u00e3o ser\u00e1 prioridade neste mandato, com vista a capacitar os recursos humanos para responder as necessidades do pa\u00eds. GOVERNO PEDE COLABORA\u00c7\u00c3O Falando na cerim\u00f3nia da abertura do ano lectivo, no distrito de Marara, a Secret\u00e1ria do Estado em Tete, Elisa Zacarias, disse que no presente ano escolar ser\u00e3o contratados 535 novos docentes, sendo o grosso constitu\u00eddo por 449 professores do n\u00edvel 4, para o Ensino Prim\u00e1rio do primeiro grau. Na ocasi\u00e3o, Elisa Zacarias apelou aos pais e encarregados de educa\u00e7\u00e3o para deixarem as crian\u00e7as, em particular a rapariga, frequentar o ensino, colaborando com na iniciativa do governo para o combate aos casamentos e uni\u00f5es prematuras, um dos grandes males que perpetua a pobreza no seio da popula\u00e7\u00e3o. Para o presente ano est\u00e1 programada a constru\u00e7\u00e3o de 51 novas salas de aulas em todos os distritos da prov\u00edncia de Tete, ac\u00e7\u00e3o que vai possibilitar o melhoramento das condi\u00e7\u00f5es de ensino e aprendizagem dos alunos. Relativamente ao livro de distribui\u00e7\u00e3o gratuita, a Educa\u00e7\u00e3o em Tete recebeu j\u00e1 colocou grande parte dos 1.807.870 livros da 1.\u00aa \u00e0 7.\u00aa classe. O distrito de Marara, no centro da prov\u00edncia de Tete com cerca de 15.630 habitantes, conta para este ano lectivo com um universo de cerca de 25.230 alunos, que ser\u00e3o absorvidos por 57 estabelecimentos de ensino assistidos por 56 professores. Tal como noutros pontos do pa\u00eds na capital do pa\u00eds, a abertura do ano lectivo foi marcada pela inaugura\u00e7\u00e3o de mais duas escolas, nomeadamente a Secund\u00e1ria M\u00e1rtires de Mbuzine e a Comunit\u00e1ria John Wesley, nos distritos de KaMubukwana e KaTembe, respectivamente, bem como a amplia\u00e7\u00e3o da Joaquim Chissano. Com este investimento, o r\u00e1cio aluno-professor poder\u00e1 reduzir de 63 para 60, na cidade de Maputo. A informa\u00e7\u00e3o foi tornada p\u00fablica ontem pela Secret\u00e1ria do Estado na capital do pa\u00eds, Sheila Santana Afonso, na cerim\u00f3nia de abertura do ano lectivo-2020 que teve lugar na Escola Secund\u00e1ria Joaquim Chissano, distrito KaMubukwana, que beneficiou da constru\u00e7\u00e3o de mais dez salas de aula. Para o presente ano, o sector da Educa\u00e7\u00e3o e Desenvolvimento Humano na cidade vai funcionar com um efectivo de 349.433 alunos, que ser\u00e3o assistidos por 7.028 docentes, dos quais 54 em regime de contratados. INFRA-ESTRUTURAS \u00c0 ALTURA O Secret\u00e1rio de Estado da prov\u00edncia de Nampula, Mety Gondola, defendeu o aperfei\u00e7oamento das t\u00e9cnicas de constru\u00e7\u00e3o de infra-estruturas escolares, por forma a conferi-la a necess\u00e1ria consist\u00eancia e n\u00e3o sejam danificadas a cada \u00e9poca chuvosa. Gondola falava ontem, no posto administrativo da Saua- Saua, no distrito de Nacar\u00f4a, depois de ter inaugurado a Escola Secund\u00e1ria de Muchico, composta por dois blocos e com cinco salas de aula cada. Segundo o dirigente, \u00e9 preocupante constatar que muitos alunos estudam ao relento ou ficam sem aulas, em cada \u00e9poca chuvosa, por a sua escola ter desabado devido \u00e0 falta de qualidade das obras de constru\u00e7\u00e3o. Contudo, o Governo enalteceu o trabalho que tem sido feito pela autoridades governamentais da prov\u00edncia e parceiros de coopera\u00e7\u00e3o, visando a constru\u00e7\u00e3o de mais estabelecimentos de ensino para responder \u00e0 demanda dos alunos que se verifica em Nampula. Em Gaza, o ano lectivo de 2020 abre com um total de 147 novas salas de aula, devidamente apetrechadas com mobili\u00e1rio escolar, para acolher mais de 14700 alunos que estudavam em condi\u00e7\u00f5es prec\u00e1rias. Falando no distrito de Limpopo, a governadora da prov\u00edncia de Gaza precisou que o sector da Educa\u00e7\u00e3o, nesta parcela do pa\u00eds, conta com 846","og_url":"https:\/\/www.tvm.co.mz\/novosite\/2020\/02\/01\/ano-lectivo-abre-com-mais-infra-estruturas-apetrechadas\/","og_site_name":"TVM - Televis\u00e3o de Mo\u00e7ambique","article_publisher":"https:\/\/www.facebook.com\/mocambique.tvm\/","article_published_time":"2020-02-01T19:10:44+00:00","og_image":[{"width":700,"height":394,"url":"https:\/\/www.tvm.co.mz\/novosite\/wp-content\/uploads\/2020\/02\/43580075_303.jpg","type":"image\/jpeg"}],"author":"Leopoldino Bambo","twitter_card":"summary_large_image","twitter_misc":{"Escrito por":"Leopoldino Bambo","Tempo estimado de leitura":"6 minutos"},"schema":{"@context":"https:\/\/schema.org","@graph":[{"@type":"Article","@id":"https:\/\/www.tvm.co.mz\/novosite\/2020\/02\/01\/ano-lectivo-abre-com-mais-infra-estruturas-apetrechadas\/#article","isPartOf":{"@id":"https:\/\/www.tvm.co.mz\/novosite\/2020\/02\/01\/ano-lectivo-abre-com-mais-infra-estruturas-apetrechadas\/"},"author":{"name":"Leopoldino Bambo","@id":"https:\/\/www.tvm.co.mz\/novosite\/#\/schema\/person\/e0c12bde9d88d0f565050c69026b2153"},"headline":"Ano lectivo abre com mais infra-estruturas apetrechadas","datePublished":"2020-02-01T19:10:44+00:00","mainEntityOfPage":{"@id":"https:\/\/www.tvm.co.mz\/novosite\/2020\/02\/01\/ano-lectivo-abre-com-mais-infra-estruturas-apetrechadas\/"},"wordCount":1201,"commentCount":0,"publisher":{"@id":"https:\/\/www.tvm.co.mz\/novosite\/#organization"},"image":{"@id":"https:\/\/www.tvm.co.mz\/novosite\/2020\/02\/01\/ano-lectivo-abre-com-mais-infra-estruturas-apetrechadas\/#primaryimage"},"thumbnailUrl":"https:\/\/www.tvm.co.mz\/novosite\/wp-content\/uploads\/2020\/02\/43580075_303.jpg","articleSection":["Nacional"],"inLanguage":"pt-PT"},{"@type":"WebPage","@id":"https:\/\/www.tvm.co.mz\/novosite\/2020\/02\/01\/ano-lectivo-abre-com-mais-infra-estruturas-apetrechadas\/","url":"https:\/\/www.tvm.co.mz\/novosite\/2020\/02\/01\/ano-lectivo-abre-com-mais-infra-estruturas-apetrechadas\/","name":"Ano lectivo abre com mais infra-estruturas apetrechadas - TVM - Televis\u00e3o de Mo\u00e7ambique","isPartOf":{"@id":"https:\/\/www.tvm.co.mz\/novosite\/#website"},"primaryImageOfPage":{"@id":"https:\/\/www.tvm.co.mz\/novosite\/2020\/02\/01\/ano-lectivo-abre-com-mais-infra-estruturas-apetrechadas\/#primaryimage"},"image":{"@id":"https:\/\/www.tvm.co.mz\/novosite\/2020\/02\/01\/ano-lectivo-abre-com-mais-infra-estruturas-apetrechadas\/#primaryimage"},"thumbnailUrl":"https:\/\/www.tvm.co.mz\/novosite\/wp-content\/uploads\/2020\/02\/43580075_303.jpg","datePublished":"2020-02-01T19:10:44+00:00","breadcrumb":{"@id":"https:\/\/www.tvm.co.mz\/novosite\/2020\/02\/01\/ano-lectivo-abre-com-mais-infra-estruturas-apetrechadas\/#breadcrumb"},"inLanguage":"pt-PT","potentialAction":[{"@type":"ReadAction","target":["https:\/\/www.tvm.co.mz\/novosite\/2020\/02\/01\/ano-lectivo-abre-com-mais-infra-estruturas-apetrechadas\/"]}]},{"@type":"ImageObject","inLanguage":"pt-PT","@id":"https:\/\/www.tvm.co.mz\/novosite\/2020\/02\/01\/ano-lectivo-abre-com-mais-infra-estruturas-apetrechadas\/#primaryimage","url":"https:\/\/www.tvm.co.mz\/novosite\/wp-content\/uploads\/2020\/02\/43580075_303.jpg","contentUrl":"https:\/\/www.tvm.co.mz\/novosite\/wp-content\/uploads\/2020\/02\/43580075_303.jpg","width":700,"height":394,"caption":"43580075_303.jpg"},{"@type":"BreadcrumbList","@id":"https:\/\/www.tvm.co.mz\/novosite\/2020\/02\/01\/ano-lectivo-abre-com-mais-infra-estruturas-apetrechadas\/#breadcrumb","itemListElement":[{"@type":"ListItem","position":1,"name":"In\u00edcio","item":"https:\/\/www.tvm.co.mz\/novosite\/"},{"@type":"ListItem","position":2,"name":"Ano lectivo abre com mais infra-estruturas apetrechadas"}]},{"@type":"WebSite","@id":"https:\/\/www.tvm.co.mz\/novosite\/#website","url":"https:\/\/www.tvm.co.mz\/novosite\/","name":"TVM","description":"","publisher":{"@id":"https:\/\/www.tvm.co.mz\/novosite\/#organization"},"potentialAction":[{"@type":"SearchAction","target":{"@type":"EntryPoint","urlTemplate":"https:\/\/www.tvm.co.mz\/novosite\/?s={search_term_string}"},"query-input":{"@type":"PropertyValueSpecification","valueRequired":true,"valueName":"search_term_string"}}],"inLanguage":"pt-PT"},{"@type":"Organization","@id":"https:\/\/www.tvm.co.mz\/novosite\/#organization","name":"Televis\u00e3o de Mo\u00e7ambique","url":"https:\/\/www.tvm.co.mz\/novosite\/","logo":{"@type":"ImageObject","inLanguage":"pt-PT","@id":"https:\/\/www.tvm.co.mz\/novosite\/#\/schema\/logo\/image\/","url":"","contentUrl":"","caption":"Televis\u00e3o de Mo\u00e7ambique"},"image":{"@id":"https:\/\/www.tvm.co.mz\/novosite\/#\/schema\/logo\/image\/"},"sameAs":["https:\/\/www.facebook.com\/mocambique.tvm\/","https:\/\/www.instagram.com\/tvm.mocambique\/","https:\/\/www.youtube.com\/channel\/UCfRoEW08udEmsPSIt_YDK_w"]},{"@type":"Person","@id":"https:\/\/www.tvm.co.mz\/novosite\/#\/schema\/person\/e0c12bde9d88d0f565050c69026b2153","name":"Leopoldino Bambo","image":{"@type":"ImageObject","inLanguage":"pt-PT","@id":"https:\/\/secure.gravatar.com\/avatar\/a46f76d18fbd6ecb2837dc42d02d7f8deb29bd50e7b92ef10700b19b5dd427f4?s=96&d=mm&r=g","url":"https:\/\/secure.gravatar.com\/avatar\/a46f76d18fbd6ecb2837dc42d02d7f8deb29bd50e7b92ef10700b19b5dd427f4?s=96&d=mm&r=g","contentUrl":"https:\/\/secure.gravatar.com\/avatar\/a46f76d18fbd6ecb2837dc42d02d7f8deb29bd50e7b92ef10700b19b5dd427f4?s=96&d=mm&r=g","caption":"Leopoldino Bambo"},"url":"https:\/\/www.tvm.co.mz\/novosite\/author\/lbambo\/"}]}},"_links":{"self":[{"href":"https:\/\/www.tvm.co.mz\/novosite\/wp-json\/wp\/v2\/posts\/6393","targetHints":{"allow":["GET"]}}],"collection":[{"href":"https:\/\/www.tvm.co.mz\/novosite\/wp-json\/wp\/v2\/posts"}],"about":[{"href":"https:\/\/www.tvm.co.mz\/novosite\/wp-json\/wp\/v2\/types\/post"}],"author":[{"embeddable":true,"href":"https:\/\/www.tvm.co.mz\/novosite\/wp-json\/wp\/v2\/users\/2"}],"replies":[{"embeddable":true,"href":"https:\/\/www.tvm.co.mz\/novosite\/wp-json\/wp\/v2\/comments?post=6393"}],"version-history":[{"count":0,"href":"https:\/\/www.tvm.co.mz\/novosite\/wp-json\/wp\/v2\/posts\/6393\/revisions"}],"wp:featuredmedia":[{"embeddable":true,"href":"https:\/\/www.tvm.co.mz\/novosite\/wp-json\/wp\/v2\/media\/17346"}],"wp:attachment":[{"href":"https:\/\/www.tvm.co.mz\/novosite\/wp-json\/wp\/v2\/media?parent=6393"}],"wp:term":[{"taxonomy":"category","embeddable":true,"href":"https:\/\/www.tvm.co.mz\/novosite\/wp-json\/wp\/v2\/categories?post=6393"},{"taxonomy":"post_tag","embeddable":true,"href":"https:\/\/www.tvm.co.mz\/novosite\/wp-json\/wp\/v2\/tags?post=6393"}],"curies":[{"name":"wp","href":"https:\/\/api.w.org\/{rel}","templated":true}]}}