{"id":6063,"date":"2019-11-19T15:37:27","date_gmt":"2019-11-19T15:37:27","guid":{"rendered":"https:\/\/www.tvm.co.mz\/novosite\/2019\/11\/19\/ataf-10-anos-de-guerra-contra-dependencia-externa-em-africa\/"},"modified":"2019-11-19T15:37:27","modified_gmt":"2019-11-19T15:37:27","slug":"ataf-10-anos-de-guerra-contra-dependencia-externa-em-africa","status":"publish","type":"post","link":"https:\/\/www.tvm.co.mz\/novosite\/2019\/11\/19\/ataf-10-anos-de-guerra-contra-dependencia-externa-em-africa\/","title":{"rendered":"ATAF: 10 anos de guerra contra depend\u00eancia externa em \u00c1frica"},"content":{"rendered":"<p><span style=\"font-size: 12pt;\"><img fetchpriority=\"high\" decoding=\"async\" class=\" size-full wp-image-17030\" src=\"https:\/\/www.tvm.co.mz\/novosite\/wp-content\/uploads\/2019\/11\/Image_2019-11-19_at_12.34.42.jpeg\" alt=\"Image 2019-11-19 at 12.34.42.jpeg\" width=\"1024\" height=\"682\" srcset=\"https:\/\/www.tvm.co.mz\/novosite\/wp-content\/uploads\/2019\/11\/Image_2019-11-19_at_12.34.42.jpeg 1024w, https:\/\/www.tvm.co.mz\/novosite\/wp-content\/uploads\/2019\/11\/Image_2019-11-19_at_12.34.42-300x200.jpeg 300w, https:\/\/www.tvm.co.mz\/novosite\/wp-content\/uploads\/2019\/11\/Image_2019-11-19_at_12.34.42-768x512.jpeg 768w\" sizes=\"(max-width: 1024px) 100vw, 1024px\" \/><\/span><\/p>\n<p><span style=\"font-size: 12pt;\">H\u00e1 dez anos nascia um sonho africano: tornar o continente economicamente livre, construir uma \u00c1frica sem contar com ajuda externa. Para a concretiza\u00e7\u00e3o deste anseio foi lan\u00e7ado, em 2009, o F\u00f3rum Africano de Administra\u00e7\u00e3o Tribut\u00e1ria, ou simplesmente ATAF (sigla inglesa).<\/span><\/p>\n<p><span style=\"font-size: 12pt;\">O F\u00f3rum Africano de Administra\u00e7\u00e3o Tribut\u00e1ria foi criado ap\u00f3s a crise global de 2008, ano em que o n\u00edvel de investimento directo estrangeiro para pa\u00edses africanos caiu de forma desastrosa.<\/span><\/p>\n<p><span style=\"font-size: 12pt;\">No ano de lan\u00e7amento, ATAF tinha apenas 25 pa\u00edses membros. Ap\u00f3s uma d\u00e9cada, o F\u00f3rum conta com trinta e oito pa\u00edses membros, isto \u00e9, setenta por cento dos pa\u00edses do continente africano. Mo\u00e7ambique est\u00e1 integrado no F\u00f3rum desde 2009.<\/span><\/p>\n<p><span style=\"font-size: 12pt;\">Em dez anos, foi poss\u00edvel estudar e aplicar medidas novas para maior colecta de receitas ficas. \u00c1frica est\u00e1, hoje, financeiramente mais robusta por via de receitas pr\u00f3prias. Olhando para o que era o continente h\u00e1 dez anos, ATAF considera ter havido melhorias. Foi igualmente poss\u00edvel ajudar os pa\u00edses africanos a conter os fluxos fiscais, atrav\u00e9s do Acordo de Dupla Tributa\u00e7\u00e3o, do ATAF.<\/span><\/p>\n<p><span style=\"font-size: 12pt;\">Raz\u00e3o pela qual, ap\u00f3s dez anos de trabalho, o F\u00f3rum Africano de Administra\u00e7\u00e3o Tribut\u00e1ria est\u00e1 a celebrar. Voltou ao mesmo pa\u00eds onde foi criada a organiza\u00e7\u00e3o, Uganda, para assinalar a passagem da primeira d\u00e9cada. Kampala, capital de Uganda, torna-se em capital africana, pelo menos entre os dias dezanove a vinte e dois do m\u00eas em curso, per\u00edodo no qual t\u00eam lugar as festividades.<\/span><\/p>\n<p><span style=\"font-size: 12pt;\">O evento comemorativo decorre no contexto da quarta confer\u00eancia internacional sobre tributa\u00e7\u00e3o em \u00c1frica. O tema central da confer\u00eancia \u00e9 inova\u00e7\u00e3o e digitaliza\u00e7\u00e3o: aproveitamento da tecnologia para melhorar os sistemas fiscais.<\/span><\/p>\n<p><span style=\"font-size: 12pt;\">Ali\u00e1s, um dos maiores desafios da pr\u00f3xima d\u00e9cada \u00e9 a economia digital, tal como refere Doris Akol, Directora-Geral da Autoridade Tribut\u00e1ria de Uganda.<\/span><\/p>\n<p><span style=\"font-size: 12pt;\">&#8220;Enquanto celebramos todas essas grandes conquistas, estamos cientes do fato de que existem desafios que precisamos enfrentar &#8211; as economias digitais. Por exemplo, Jumia, an\u00fancios no Google, an\u00fancios no Facebook, Kikuu, para citar apenas alguns. Eles est\u00e3o \u00e0 nossa volta, todos os usamos de uma maneira ou de outra e, no entanto, n\u00e3o estamos registrando n\u00fameros de receita em termos de cobran\u00e7a deles. Isso ocorre porque a maioria de nossas pol\u00edticas provavelmente as ignorou. Por exemplo, para algu\u00e9m ser tributado, eles devem ter um endere\u00e7o f\u00edsico. Esse \u00e9 um pr\u00e9-requisito que n\u00e3o \u00e9 compat\u00edvel com as economias digitais, porque elas operam on-line e mal t\u00eam uma pegada f\u00edsica; no entanto, elas gastam muito dinheiro em vendas.&#8221;, avan\u00e7ou Doris Akol.<\/span><\/p>\n<p><span style=\"font-size: 12pt;\">Yoweri Museveni, Presidente da Rep\u00fablica de Uganda, foi quem fez o discurso de abertura da confer\u00eancia. Logo \u00e0 partida disse ser contra tributa\u00e7\u00e3o em sectores produtivos. Para Museveni, a tributa\u00e7\u00e3o deve incidir no consumo. Deu exemplo de Uganda.<\/span><\/p>\n<p><span style=\"font-size: 12pt;\">&#8220;No Uganda, aumentamos nossos esfor\u00e7os na mobiliza\u00e7\u00e3o de receita dom\u00e9stica, com foco especial no aumento das receitas tribut\u00e1rias das empresas, ampliando a cobertura do IVA e melhorando a efici\u00eancia da arrecada\u00e7\u00e3o de impostos. Isso se traduzir\u00e1 em receitas e doa\u00e7\u00f5es que aumentam de 14,5% em 2015\/16 para 15,9% do PIB em 2019\/20. Prev\u00ea-se que as despesas atinjam 22,9% do PIB em 2017\/18, devido a gastos com infraestrutura.&#8221;, disse o presidente de Uganda, acrescentando que \u00c1frica n\u00e3o precisa mais de dinheiro externo para crescer.<\/span><\/p>\n<p><span style=\"font-size: 12pt;\">A par da mobiliza\u00e7\u00e3o de receitas em \u00c1frica e do desafio da economia digital, o F\u00f3rum Africano de Administra\u00e7\u00e3o Tribut\u00e1ria quer contar com todos os cinquenta e quatro pa\u00edses africanos como membros.<\/span><\/p>\n<p><span style=\"font-size: 12pt;\"><\/span><\/p>\n<p><span style=\"font-size: 12pt;\">Coment\u00e1rios sobre cen\u00e1rios \u00e0 margem do evento<\/span><\/p>\n<p><span style=\"font-size: 12pt;\">Actualmente com 75 anos, Yoweri Museveni governa Uganda desde 1986. Quando assumiu o poder tinha 42 anos. A n\u00e3o altern\u00e2ncia pol\u00edtica tornou o presidente num verdadeiro deus no pa\u00eds.<\/span><\/p>\n<p><span style=\"font-size: 12pt;\">O chefe de Estado chegou tardiamente ao evento, tudo parou \u00e0 sua espera. A cerim\u00f3nia de abertura devia iniciar pontualmente \u00e0s 09 horas, mas a confer\u00eancia s\u00f3 come\u00e7ou \u00e0s 11h20m, ainda sem ele e sem abertura oficial.<\/span><\/p>\n<p><span style=\"font-size: 12pt;\">Por ver o tempo passar, os organizadores preferiram avan\u00e7ar com o debate de alguns temas iniciais, mas havia um aviso pr\u00e9vio: \u00e0 chegada do presidente, interrompemos a discuss\u00e3o.<\/span><\/p>\n<p><span style=\"font-size: 12pt;\">De facto, vinte minutos ap\u00f3s o in\u00edcio do debate, houve interrup\u00e7\u00e3o. Chegava Yoweri Museveni. Todo painel deve de sair dos assnros para receb\u00ea-lo junto \u00e0 entrada da sala de sess\u00f5es. Eram quase 12 horas.<\/span><\/p>\n<p><span style=\"font-size: 12pt;\">Depois de longos discursos, Museveni s\u00f3 foi ao podium \u00e0s 13 horas, n\u00e3o discursou no mesmo local onde os predecessores discursaram. Fez um discurso de trinta e cinco minutos. Com alguma com\u00e9dia \u00e0 mistura. Foi essa com\u00e9dia que atenuou os \u00e2nimos e deixou a sala \u00e0s gargalhadas.<\/span><\/p>\n<p><span style=\"font-size: 12pt;\">Os delegados e participantes do evento foram obrigados a estar no local da confer\u00eancia \u00e0s 07 da manh\u00e3. Telem\u00f3veis, laptops e quaisquer outros dispositivos ficam de fora. Ningu\u00e9m conseguiu fotografar e colocar na hist\u00f3ria um importante evento: dez anos de uma organiza\u00e7\u00e3o t\u00e3o expressiva como ATAF.<\/span><\/p>\n<p><span style=\"font-size: 12pt;\">No mundo t\u00e3o tecnol\u00f3gico de hoje, h\u00e1 organiza\u00e7oes de comunica\u00e7\u00e3o que trabalham com o online e precisam de actualizar as informa\u00e7\u00f5es, entretanto, os jornalistas foram obrigados tamb\u00e9m a deixar os celulares do lado de fora. S\u00f3 eram permitidos entrar com uma c\u00e2mera de filmar e um laptop, passando antes por uma fiscaliza\u00e7\u00e3o para saber o que h\u00e1 nos dispositivos. Por fim coloca-se um selo de seguran\u00e7a.<\/span><\/p>\n<p><span style=\"font-size: 12pt;\">Os jornalistas sempre lutam pela liberdade e desta vez n\u00e3o foi diferente. Depois de uma discuss\u00e3o tensa, foram permitidos apenas seis celulares na sala. Scaneados e colocados um selo.<\/span><\/p>\n<p><span style=\"font-size: 12pt;\">Enfim, a aus\u00eancia de uma democracia genu\u00edna rertada n\u00e3o s\u00f3 as na\u00e7\u00f5es, mas sobretudo as mentes humanas. Todos preocupam-se em fazer um culto \u00e0 figura do presidente, n\u00e3o abrindo espa\u00e7o para reflex\u00e3o. Bem-vindos \u00e0 Uganda.<\/span><\/p>\n","protected":false},"excerpt":{"rendered":"<div class='heateorSssClear'><\/div><div  class='heateor_sss_sharing_container heateor_sss_horizontal_sharing' data-heateor-sss-href='https:\/\/www.tvm.co.mz\/novosite\/2019\/11\/19\/ataf-10-anos-de-guerra-contra-dependencia-externa-em-africa\/'><div class='heateor_sss_sharing_title' style=\"font-weight:bold\" >Partilhe<\/div><div class=\"heateor_sss_sharing_ul\"><a aria-label=\"Facebook\" class=\"heateor_sss_facebook\" href=\"https:\/\/www.facebook.com\/sharer\/sharer.php?u=https%3A%2F%2Fwww.tvm.co.mz%2Fnovosite%2F2019%2F11%2F19%2Fataf-10-anos-de-guerra-contra-dependencia-externa-em-africa%2F\" title=\"Facebook\" rel=\"nofollow noopener\" target=\"_blank\" style=\"font-size:32px!important;box-shadow:none;display:inline-block;vertical-align:middle\"><span class=\"heateor_sss_svg\" style=\"background-color:#0765FE;width:26px;height:26px;border-radius:999px;display:inline-block;opacity:1;float:left;font-size:32px;box-shadow:none;display:inline-block;font-size:16px;padding:0 4px;vertical-align:middle;background-repeat:repeat;overflow:hidden;padding:0;cursor:pointer;box-sizing:content-box\"><svg style=\"display:block;border-radius:999px;\" focusable=\"false\" aria-hidden=\"true\" xmlns=\"http:\/\/www.w3.org\/2000\/svg\" width=\"100%\" height=\"100%\" viewBox=\"0 0 32 32\"><path fill=\"#fff\" d=\"M28 16c0-6.627-5.373-12-12-12S4 9.373 4 16c0 5.628 3.875 10.35 9.101 11.647v-7.98h-2.474V16H13.1v-1.58c0-4.085 1.849-5.978 5.859-5.978.76 0 2.072.15 2.608.298v3.325c-.283-.03-.775-.045-1.386-.045-1.967 0-2.728.745-2.728 2.683V16h3.92l-.673 3.667h-3.247v8.245C23.395 27.195 28 22.135 28 16Z\"><\/path><\/svg><\/span><\/a><a aria-label=\"X\" class=\"heateor_sss_button_x\" href=\"https:\/\/twitter.com\/intent\/tweet?text=ATAF%3A%2010%20anos%20de%20guerra%20contra%20depend%C3%AAncia%20externa%20em%20%C3%81frica&url=https%3A%2F%2Fwww.tvm.co.mz%2Fnovosite%2F2019%2F11%2F19%2Fataf-10-anos-de-guerra-contra-dependencia-externa-em-africa%2F\" title=\"X\" rel=\"nofollow noopener\" target=\"_blank\" style=\"font-size:32px!important;box-shadow:none;display:inline-block;vertical-align:middle\"><span class=\"heateor_sss_svg heateor_sss_s__default heateor_sss_s_x\" style=\"background-color:#2a2a2a;width:26px;height:26px;border-radius:999px;display:inline-block;opacity:1;float:left;font-size:32px;box-shadow:none;display:inline-block;font-size:16px;padding:0 4px;vertical-align:middle;background-repeat:repeat;overflow:hidden;padding:0;cursor:pointer;box-sizing:content-box\"><svg width=\"100%\" height=\"100%\" style=\"display:block;border-radius:999px;\" focusable=\"false\" aria-hidden=\"true\" xmlns=\"http:\/\/www.w3.org\/2000\/svg\" viewBox=\"0 0 32 32\"><path fill=\"#fff\" d=\"M21.751 7h3.067l-6.7 7.658L26 25.078h-6.172l-4.833-6.32-5.531 6.32h-3.07l7.167-8.19L6 7h6.328l4.37 5.777L21.75 7Zm-1.076 16.242h1.7L11.404 8.74H9.58l11.094 14.503Z\"><\/path><\/svg><\/span><\/a><a aria-label=\"Reddit\" class=\"heateor_sss_button_reddit\" href=\"https:\/\/reddit.com\/submit?url=https%3A%2F%2Fwww.tvm.co.mz%2Fnovosite%2F2019%2F11%2F19%2Fataf-10-anos-de-guerra-contra-dependencia-externa-em-africa%2F&title=ATAF%3A%2010%20anos%20de%20guerra%20contra%20depend%C3%AAncia%20externa%20em%20%C3%81frica\" title=\"Reddit\" rel=\"nofollow noopener\" target=\"_blank\" style=\"font-size:32px!important;box-shadow:none;display:inline-block;vertical-align:middle\"><span class=\"heateor_sss_svg heateor_sss_s__default heateor_sss_s_reddit\" style=\"background-color:#ff5700;width:26px;height:26px;border-radius:999px;display:inline-block;opacity:1;float:left;font-size:32px;box-shadow:none;display:inline-block;font-size:16px;padding:0 4px;vertical-align:middle;background-repeat:repeat;overflow:hidden;padding:0;cursor:pointer;box-sizing:content-box\"><svg style=\"display:block;border-radius:999px;\" focusable=\"false\" aria-hidden=\"true\" xmlns=\"http:\/\/www.w3.org\/2000\/svg\" width=\"100%\" height=\"100%\" viewBox=\"-3.5 -3.5 39 39\"><path d=\"M28.543 15.774a2.953 2.953 0 0 0-2.951-2.949 2.882 2.882 0 0 0-1.9.713 14.075 14.075 0 0 0-6.85-2.044l1.38-4.349 3.768.884a2.452 2.452 0 1 0 .24-1.176l-4.274-1a.6.6 0 0 0-.709.4l-1.659 5.224a14.314 14.314 0 0 0-7.316 2.029 2.908 2.908 0 0 0-1.872-.681 2.942 2.942 0 0 0-1.618 5.4 5.109 5.109 0 0 0-.062.765c0 4.158 5.037 7.541 11.229 7.541s11.22-3.383 11.22-7.541a5.2 5.2 0 0 0-.053-.706 2.963 2.963 0 0 0 1.427-2.51zm-18.008 1.88a1.753 1.753 0 0 1 1.73-1.74 1.73 1.73 0 0 1 1.709 1.74 1.709 1.709 0 0 1-1.709 1.711 1.733 1.733 0 0 1-1.73-1.711zm9.565 4.968a5.573 5.573 0 0 1-4.081 1.272h-.032a5.576 5.576 0 0 1-4.087-1.272.6.6 0 0 1 .844-.854 4.5 4.5 0 0 0 3.238.927h.032a4.5 4.5 0 0 0 3.237-.927.6.6 0 1 1 .844.854zm-.331-3.256a1.726 1.726 0 1 1 1.709-1.712 1.717 1.717 0 0 1-1.712 1.712z\" fill=\"#fff\"\/><\/svg><\/span><\/a><a aria-label=\"Linkedin\" class=\"heateor_sss_button_linkedin\" href=\"https:\/\/www.linkedin.com\/sharing\/share-offsite\/?url=https%3A%2F%2Fwww.tvm.co.mz%2Fnovosite%2F2019%2F11%2F19%2Fataf-10-anos-de-guerra-contra-dependencia-externa-em-africa%2F\" title=\"Linkedin\" rel=\"nofollow noopener\" target=\"_blank\" style=\"font-size:32px!important;box-shadow:none;display:inline-block;vertical-align:middle\"><span class=\"heateor_sss_svg heateor_sss_s__default heateor_sss_s_linkedin\" style=\"background-color:#0077b5;width:26px;height:26px;border-radius:999px;display:inline-block;opacity:1;float:left;font-size:32px;box-shadow:none;display:inline-block;font-size:16px;padding:0 4px;vertical-align:middle;background-repeat:repeat;overflow:hidden;padding:0;cursor:pointer;box-sizing:content-box\"><svg style=\"display:block;border-radius:999px;\" focusable=\"false\" aria-hidden=\"true\" xmlns=\"http:\/\/www.w3.org\/2000\/svg\" width=\"100%\" height=\"100%\" viewBox=\"0 0 32 32\"><path d=\"M6.227 12.61h4.19v13.48h-4.19V12.61zm2.095-6.7a2.43 2.43 0 0 1 0 4.86c-1.344 0-2.428-1.09-2.428-2.43s1.084-2.43 2.428-2.43m4.72 6.7h4.02v1.84h.058c.56-1.058 1.927-2.176 3.965-2.176 4.238 0 5.02 2.792 5.02 6.42v7.395h-4.183v-6.56c0-1.564-.03-3.574-2.178-3.574-2.18 0-2.514 1.7-2.514 3.46v6.668h-4.187V12.61z\" fill=\"#fff\"><\/path><\/svg><\/span><\/a><a aria-label=\"Pinterest\" class=\"heateor_sss_button_pinterest\" href=\"https:\/\/www.tvm.co.mz\/novosite\/2019\/11\/19\/ataf-10-anos-de-guerra-contra-dependencia-externa-em-africa\/\" onclick=\"event.preventDefault();javascript:void( (function() {var e=document.createElement('script' );e.setAttribute('type','text\/javascript' );e.setAttribute('charset','UTF-8' );e.setAttribute('src','\/\/assets.pinterest.com\/js\/pinmarklet.js?r='+Math.random()*99999999);document.body.appendChild(e)})());\" title=\"Pinterest\" rel=\"noopener\" style=\"font-size:32px!important;box-shadow:none;display:inline-block;vertical-align:middle\"><span class=\"heateor_sss_svg heateor_sss_s__default heateor_sss_s_pinterest\" style=\"background-color:#cc2329;width:26px;height:26px;border-radius:999px;display:inline-block;opacity:1;float:left;font-size:32px;box-shadow:none;display:inline-block;font-size:16px;padding:0 4px;vertical-align:middle;background-repeat:repeat;overflow:hidden;padding:0;cursor:pointer;box-sizing:content-box\"><svg style=\"display:block;border-radius:999px;\" focusable=\"false\" aria-hidden=\"true\" xmlns=\"http:\/\/www.w3.org\/2000\/svg\" width=\"100%\" height=\"100%\" viewBox=\"-2 -2 35 35\"><path fill=\"#fff\" d=\"M16.539 4.5c-6.277 0-9.442 4.5-9.442 8.253 0 2.272.86 4.293 2.705 5.046.303.125.574.005.662-.33.061-.231.205-.816.27-1.06.088-.331.053-.447-.191-.736-.532-.627-.873-1.439-.873-2.591 0-3.338 2.498-6.327 6.505-6.327 3.548 0 5.497 2.168 5.497 5.062 0 3.81-1.686 7.025-4.188 7.025-1.382 0-2.416-1.142-2.085-2.545.397-1.674 1.166-3.48 1.166-4.689 0-1.081-.581-1.983-1.782-1.983-1.413 0-2.548 1.462-2.548 3.419 0 1.247.421 2.091.421 2.091l-1.699 7.199c-.505 2.137-.076 4.755-.039 5.019.021.158.223.196.314.077.13-.17 1.813-2.247 2.384-4.324.162-.587.929-3.631.929-3.631.46.876 1.801 1.646 3.227 1.646 4.247 0 7.128-3.871 7.128-9.053.003-3.918-3.317-7.568-8.361-7.568z\"\/><\/svg><\/span><\/a><a aria-label=\"Mastodon\" class=\"heateor_sss_button_mastodon\" href=\"https:\/\/mastodon.social\/share?text=https%3A%2F%2Fwww.tvm.co.mz%2Fnovosite%2F2019%2F11%2F19%2Fataf-10-anos-de-guerra-contra-dependencia-externa-em-africa%2F&title=ATAF%3A%2010%20anos%20de%20guerra%20contra%20depend%C3%AAncia%20externa%20em%20%C3%81frica\" title=\"Mastodon\" rel=\"nofollow noopener\" target=\"_blank\" style=\"font-size:32px!important;box-shadow:none;display:inline-block;vertical-align:middle\"><span class=\"heateor_sss_svg heateor_sss_s__default heateor_sss_s_mastodon\" style=\"background-color:#6364FF;width:26px;height:26px;border-radius:999px;display:inline-block;opacity:1;float:left;font-size:32px;box-shadow:none;display:inline-block;font-size:16px;padding:0 4px;vertical-align:middle;background-repeat:repeat;overflow:hidden;padding:0;cursor:pointer;box-sizing:content-box\"><svg style=\"display:block;border-radius:999px;\" focusable=\"false\" aria-hidden=\"true\" xmlns=\"http:\/\/www.w3.org\/2000\/svg\" width=\"100%\" height=\"100%\" viewBox=\"-3.5 -3.5 39 39\"><path d=\"M27 12c0-5.12-3.35-6.62-3.35-6.62C22 4.56 19.05 4.23 16 4.21c-3 0-5.92.35-7.61 1.12C8.36 5.33 5 6.83 5 12v4c.12 5 .92 9.93 5.54 11.16a17.67 17.67 0 005.44.6 10.88 10.88 0 004.18-.95l-.09-1.95a13.36 13.36 0 01-4.07.54c-2.12-.07-4.37-.23-4.71-2.84a5.58 5.58 0 01-.05-.73 27.46 27.46 0 004.73.63 26.76 26.76 0 004.68-.28c3-.35 5.53-2.17 5.85-3.83A39.25 39.25 0 0027 12zm-3.95 6.59h-2.46v-6c0-1.27-.53-1.91-1.6-1.91s-1.77.76-1.77 2.27v3.29h-2.44v-3.35c0-1.51-.59-2.27-1.77-2.27s-1.6.64-1.6 1.91v6H9v-6.18a4.49 4.49 0 011-3 3.39 3.39 0 012.63-1.12 3.17 3.17 0 012.84 1.44l.61 1 .61-1a3.17 3.17 0 012.84-1.44 3.39 3.39 0 012.63 1.12 4.49 4.49 0 011 3z\" fill=\"#fff\"><\/path><\/svg><\/span><\/a><a aria-label=\"Mix\" class=\"heateor_sss_button_mix\" href=\"https:\/\/mix.com\/mixit?url=https%3A%2F%2Fwww.tvm.co.mz%2Fnovosite%2F2019%2F11%2F19%2Fataf-10-anos-de-guerra-contra-dependencia-externa-em-africa%2F\" title=\"Mix\" rel=\"nofollow noopener\" target=\"_blank\" style=\"font-size:32px!important;box-shadow:none;display:inline-block;vertical-align:middle\"><span class=\"heateor_sss_svg heateor_sss_s__default heateor_sss_s_mix\" style=\"background-color:#ff8226;width:26px;height:26px;border-radius:999px;display:inline-block;opacity:1;float:left;font-size:32px;box-shadow:none;display:inline-block;font-size:16px;padding:0 4px;vertical-align:middle;background-repeat:repeat;overflow:hidden;padding:0;cursor:pointer;box-sizing:content-box\"><svg focusable=\"false\" aria-hidden=\"true\" xmlns=\"http:\/\/www.w3.org\/2000\/svg\" width=\"100%\" height=\"100%\" viewBox=\"-7 -8 45 45\"><g fill=\"#fff\"><path opacity=\".8\" d=\"M27.87 4.125c-5.224 0-9.467 4.159-9.467 9.291v2.89c0-1.306 1.074-2.362 2.399-2.362s2.399 1.056 2.399 2.362v1.204c0 1.306 1.074 2.362 2.399 2.362s2.399-1.056 2.399-2.362V4.134c-.036-.009-.082-.009-.129-.009\"\/><path d=\"M4 4.125v12.94c2.566 0 4.668-1.973 4.807-4.465v-2.214c0-.065 0-.12.009-.176.093-1.213 1.13-2.177 2.39-2.177 1.325 0 2.399 1.056 2.399 2.362v9.226c0 1.306 1.074 2.353 2.399 2.353s2.399-1.056 2.399-2.353v-6.206c0-5.132 4.233-9.291 9.467-9.291H4z\"\/><path opacity=\".8\" d=\"M4 17.074v8.438c0 1.306 1.074 2.362 2.399 2.362s2.399-1.056 2.399-2.362V12.61C8.659 15.102 6.566 17.074 4 17.074\"\/><\/g><\/svg><\/span><\/a><a aria-label=\"Whatsapp\" class=\"heateor_sss_whatsapp\" href=\"https:\/\/api.whatsapp.com\/send?text=ATAF%3A%2010%20anos%20de%20guerra%20contra%20depend%C3%AAncia%20externa%20em%20%C3%81frica%20https%3A%2F%2Fwww.tvm.co.mz%2Fnovosite%2F2019%2F11%2F19%2Fataf-10-anos-de-guerra-contra-dependencia-externa-em-africa%2F\" title=\"Whatsapp\" rel=\"nofollow noopener\" target=\"_blank\" style=\"font-size:32px!important;box-shadow:none;display:inline-block;vertical-align:middle\"><span class=\"heateor_sss_svg\" style=\"background-color:#55eb4c;width:26px;height:26px;border-radius:999px;display:inline-block;opacity:1;float:left;font-size:32px;box-shadow:none;display:inline-block;font-size:16px;padding:0 4px;vertical-align:middle;background-repeat:repeat;overflow:hidden;padding:0;cursor:pointer;box-sizing:content-box\"><svg style=\"display:block;border-radius:999px;\" focusable=\"false\" aria-hidden=\"true\" xmlns=\"http:\/\/www.w3.org\/2000\/svg\" width=\"100%\" height=\"100%\" viewBox=\"-6 -5 40 40\"><path class=\"heateor_sss_svg_stroke heateor_sss_no_fill\" stroke=\"#fff\" stroke-width=\"2\" fill=\"none\" d=\"M 11.579798566743314 24.396926207859085 A 10 10 0 1 0 6.808479557110079 20.73576436351046\"><\/path><path d=\"M 7 19 l -1 6 l 6 -1\" class=\"heateor_sss_no_fill heateor_sss_svg_stroke\" stroke=\"#fff\" stroke-width=\"2\" fill=\"none\"><\/path><path d=\"M 10 10 q -1 8 8 11 c 5 -1 0 -6 -1 -3 q -4 -3 -5 -5 c 4 -2 -1 -5 -1 -4\" fill=\"#fff\"><\/path><\/svg><\/span><\/a><a class=\"heateor_sss_more\" aria-label=\"More\" title=\"More\" rel=\"nofollow noopener\" style=\"font-size: 32px!important;border:0;box-shadow:none;display:inline-block!important;font-size:16px;padding:0 4px;vertical-align: middle;display:inline;\" href=\"https:\/\/www.tvm.co.mz\/novosite\/2019\/11\/19\/ataf-10-anos-de-guerra-contra-dependencia-externa-em-africa\/\" onclick=\"event.preventDefault()\"><span class=\"heateor_sss_svg\" style=\"background-color:#ee8e2d;width:26px;height:26px;border-radius:999px;display:inline-block!important;opacity:1;float:left;font-size:32px!important;box-shadow:none;display:inline-block;font-size:16px;padding:0 4px;vertical-align:middle;display:inline;background-repeat:repeat;overflow:hidden;padding:0;cursor:pointer;box-sizing:content-box;\" onclick=\"heateorSssMoreSharingPopup(this, 'https:\/\/www.tvm.co.mz\/novosite\/2019\/11\/19\/ataf-10-anos-de-guerra-contra-dependencia-externa-em-africa\/', 'ATAF%3A%2010%20anos%20de%20guerra%20contra%20depend%C3%AAncia%20externa%20em%20%C3%81frica', '' )\"><svg xmlns=\"http:\/\/www.w3.org\/2000\/svg\" xmlns:xlink=\"http:\/\/www.w3.org\/1999\/xlink\" viewBox=\"-.3 0 32 32\" version=\"1.1\" width=\"100%\" height=\"100%\" style=\"display:block;border-radius:999px;\" xml:space=\"preserve\"><g><path fill=\"#fff\" d=\"M18 14V8h-4v6H8v4h6v6h4v-6h6v-4h-6z\" fill-rule=\"evenodd\"><\/path><\/g><\/svg><\/span><\/a><\/div><div class=\"heateorSssClear\"><\/div><\/div><div class='heateorSssClear'><\/div><br\/><p>H\u00e1 dez anos nascia um sonho africano: tornar o continente economicamente livre, construir uma \u00c1frica sem contar com ajuda externa. Para a concretiza\u00e7\u00e3o deste anseio foi lan\u00e7ado, em 2009, o F\u00f3rum Africano de Administra\u00e7\u00e3o Tribut\u00e1ria, ou simplesmente ATAF (sigla inglesa). O F\u00f3rum Africano de Administra\u00e7\u00e3o Tribut\u00e1ria foi criado ap\u00f3s a crise global de 2008, ano em que o n\u00edvel de investimento directo estrangeiro para pa\u00edses africanos caiu de forma desastrosa. No ano de lan\u00e7amento, ATAF tinha apenas 25 pa\u00edses membros. Ap\u00f3s uma d\u00e9cada, o F\u00f3rum conta com trinta e oito pa\u00edses membros, isto \u00e9, setenta por cento dos pa\u00edses do continente africano. Mo\u00e7ambique est\u00e1 integrado no F\u00f3rum desde 2009. Em dez anos, foi poss\u00edvel estudar e aplicar medidas novas para maior colecta de receitas ficas. \u00c1frica est\u00e1, hoje, financeiramente mais robusta por via de receitas pr\u00f3prias. Olhando para o que era o continente h\u00e1 dez anos, ATAF considera ter havido melhorias. Foi igualmente poss\u00edvel ajudar os pa\u00edses africanos a conter os fluxos fiscais, atrav\u00e9s do Acordo de Dupla Tributa\u00e7\u00e3o, do ATAF. Raz\u00e3o pela qual, ap\u00f3s dez anos de trabalho, o F\u00f3rum Africano de Administra\u00e7\u00e3o Tribut\u00e1ria est\u00e1 a celebrar. Voltou ao mesmo pa\u00eds onde foi criada a organiza\u00e7\u00e3o, Uganda, para assinalar a passagem da primeira d\u00e9cada. Kampala, capital de Uganda, torna-se em capital africana, pelo menos entre os dias dezanove a vinte e dois do m\u00eas em curso, per\u00edodo no qual t\u00eam lugar as festividades. O evento comemorativo decorre no contexto da quarta confer\u00eancia internacional sobre tributa\u00e7\u00e3o em \u00c1frica. O tema central da confer\u00eancia \u00e9 inova\u00e7\u00e3o e digitaliza\u00e7\u00e3o: aproveitamento da tecnologia para melhorar os sistemas fiscais. Ali\u00e1s, um dos maiores desafios da pr\u00f3xima d\u00e9cada \u00e9 a economia digital, tal como refere Doris Akol, Directora-Geral da Autoridade Tribut\u00e1ria de Uganda. &#8220;Enquanto celebramos todas essas grandes conquistas, estamos cientes do fato de que existem desafios que precisamos enfrentar &#8211; as economias digitais. Por exemplo, Jumia, an\u00fancios no Google, an\u00fancios no Facebook, Kikuu, para citar apenas alguns. Eles est\u00e3o \u00e0 nossa volta, todos os usamos de uma maneira ou de outra e, no entanto, n\u00e3o estamos registrando n\u00fameros de receita em termos de cobran\u00e7a deles. Isso ocorre porque a maioria de nossas pol\u00edticas provavelmente as ignorou. Por exemplo, para algu\u00e9m ser tributado, eles devem ter um endere\u00e7o f\u00edsico. Esse \u00e9 um pr\u00e9-requisito que n\u00e3o \u00e9 compat\u00edvel com as economias digitais, porque elas operam on-line e mal t\u00eam uma pegada f\u00edsica; no entanto, elas gastam muito dinheiro em vendas.&#8221;, avan\u00e7ou Doris Akol. Yoweri Museveni, Presidente da Rep\u00fablica de Uganda, foi quem fez o discurso de abertura da confer\u00eancia. Logo \u00e0 partida disse ser contra tributa\u00e7\u00e3o em sectores produtivos. Para Museveni, a tributa\u00e7\u00e3o deve incidir no consumo. Deu exemplo de Uganda. &#8220;No Uganda, aumentamos nossos esfor\u00e7os na mobiliza\u00e7\u00e3o de receita dom\u00e9stica, com foco especial no aumento das receitas tribut\u00e1rias das empresas, ampliando a cobertura do IVA e melhorando a efici\u00eancia da arrecada\u00e7\u00e3o de impostos. Isso se traduzir\u00e1 em receitas e doa\u00e7\u00f5es que aumentam de 14,5% em 2015\/16 para 15,9% do PIB em 2019\/20. Prev\u00ea-se que as despesas atinjam 22,9% do PIB em 2017\/18, devido a gastos com infraestrutura.&#8221;, disse o presidente de Uganda, acrescentando que \u00c1frica n\u00e3o precisa mais de dinheiro externo para crescer. A par da mobiliza\u00e7\u00e3o de receitas em \u00c1frica e do desafio da economia digital, o F\u00f3rum Africano de Administra\u00e7\u00e3o Tribut\u00e1ria quer contar com todos os cinquenta e quatro pa\u00edses africanos como membros. Coment\u00e1rios sobre cen\u00e1rios \u00e0 margem do evento Actualmente com 75 anos, Yoweri Museveni governa Uganda desde 1986. Quando assumiu o poder tinha 42 anos. A n\u00e3o altern\u00e2ncia pol\u00edtica tornou o presidente num verdadeiro deus no pa\u00eds. O chefe de Estado chegou tardiamente ao evento, tudo parou \u00e0 sua espera. A cerim\u00f3nia de abertura devia iniciar pontualmente \u00e0s 09 horas, mas a confer\u00eancia s\u00f3 come\u00e7ou \u00e0s 11h20m, ainda sem ele e sem abertura oficial. Por ver o tempo passar, os organizadores preferiram avan\u00e7ar com o debate de alguns temas iniciais, mas havia um aviso pr\u00e9vio: \u00e0 chegada do presidente, interrompemos a discuss\u00e3o. De facto, vinte minutos ap\u00f3s o in\u00edcio do debate, houve interrup\u00e7\u00e3o. Chegava Yoweri Museveni. Todo painel deve de sair dos assnros para receb\u00ea-lo junto \u00e0 entrada da sala de sess\u00f5es. Eram quase 12 horas. Depois de longos discursos, Museveni s\u00f3 foi ao podium \u00e0s 13 horas, n\u00e3o discursou no mesmo local onde os predecessores discursaram. Fez um discurso de trinta e cinco minutos. Com alguma com\u00e9dia \u00e0 mistura. Foi essa com\u00e9dia que atenuou os \u00e2nimos e deixou a sala \u00e0s gargalhadas. Os delegados e participantes do evento foram obrigados a estar no local da confer\u00eancia \u00e0s 07 da manh\u00e3. Telem\u00f3veis, laptops e quaisquer outros dispositivos ficam de fora. Ningu\u00e9m conseguiu fotografar e colocar na hist\u00f3ria um importante evento: dez anos de uma organiza\u00e7\u00e3o t\u00e3o expressiva como ATAF. No mundo t\u00e3o tecnol\u00f3gico de hoje, h\u00e1 organiza\u00e7oes de comunica\u00e7\u00e3o que trabalham com o online e precisam de actualizar as informa\u00e7\u00f5es, entretanto, os jornalistas foram obrigados tamb\u00e9m a deixar os celulares do lado de fora. S\u00f3 eram permitidos entrar com uma c\u00e2mera de filmar e um laptop, passando antes por uma fiscaliza\u00e7\u00e3o para saber o que h\u00e1 nos dispositivos. Por fim coloca-se um selo de seguran\u00e7a. Os jornalistas sempre lutam pela liberdade e desta vez n\u00e3o foi diferente. Depois de uma discuss\u00e3o tensa, foram permitidos apenas seis celulares na sala. Scaneados e colocados um selo. Enfim, a aus\u00eancia de uma democracia genu\u00edna rertada n\u00e3o s\u00f3 as na\u00e7\u00f5es, mas sobretudo as mentes humanas. Todos preocupam-se em fazer um culto \u00e0 figura do presidente, n\u00e3o abrindo espa\u00e7o para reflex\u00e3o. Bem-vindos \u00e0 Uganda.<\/p>\n<br\/><div class='heateorSssClear'><\/div><div  class='heateor_sss_sharing_container heateor_sss_horizontal_sharing' data-heateor-sss-href='https:\/\/www.tvm.co.mz\/novosite\/2019\/11\/19\/ataf-10-anos-de-guerra-contra-dependencia-externa-em-africa\/'><div class='heateor_sss_sharing_title' style=\"font-weight:bold\" >Partilhe<\/div><div class=\"heateor_sss_sharing_ul\"><a aria-label=\"Facebook\" class=\"heateor_sss_facebook\" href=\"https:\/\/www.facebook.com\/sharer\/sharer.php?u=https%3A%2F%2Fwww.tvm.co.mz%2Fnovosite%2F2019%2F11%2F19%2Fataf-10-anos-de-guerra-contra-dependencia-externa-em-africa%2F\" title=\"Facebook\" rel=\"nofollow noopener\" target=\"_blank\" style=\"font-size:32px!important;box-shadow:none;display:inline-block;vertical-align:middle\"><span class=\"heateor_sss_svg\" style=\"background-color:#0765FE;width:26px;height:26px;border-radius:999px;display:inline-block;opacity:1;float:left;font-size:32px;box-shadow:none;display:inline-block;font-size:16px;padding:0 4px;vertical-align:middle;background-repeat:repeat;overflow:hidden;padding:0;cursor:pointer;box-sizing:content-box\"><svg style=\"display:block;border-radius:999px;\" focusable=\"false\" aria-hidden=\"true\" xmlns=\"http:\/\/www.w3.org\/2000\/svg\" width=\"100%\" height=\"100%\" viewBox=\"0 0 32 32\"><path fill=\"#fff\" d=\"M28 16c0-6.627-5.373-12-12-12S4 9.373 4 16c0 5.628 3.875 10.35 9.101 11.647v-7.98h-2.474V16H13.1v-1.58c0-4.085 1.849-5.978 5.859-5.978.76 0 2.072.15 2.608.298v3.325c-.283-.03-.775-.045-1.386-.045-1.967 0-2.728.745-2.728 2.683V16h3.92l-.673 3.667h-3.247v8.245C23.395 27.195 28 22.135 28 16Z\"><\/path><\/svg><\/span><\/a><a aria-label=\"X\" class=\"heateor_sss_button_x\" href=\"https:\/\/twitter.com\/intent\/tweet?text=ATAF%3A%2010%20anos%20de%20guerra%20contra%20depend%C3%AAncia%20externa%20em%20%C3%81frica&url=https%3A%2F%2Fwww.tvm.co.mz%2Fnovosite%2F2019%2F11%2F19%2Fataf-10-anos-de-guerra-contra-dependencia-externa-em-africa%2F\" title=\"X\" rel=\"nofollow noopener\" target=\"_blank\" style=\"font-size:32px!important;box-shadow:none;display:inline-block;vertical-align:middle\"><span class=\"heateor_sss_svg heateor_sss_s__default heateor_sss_s_x\" style=\"background-color:#2a2a2a;width:26px;height:26px;border-radius:999px;display:inline-block;opacity:1;float:left;font-size:32px;box-shadow:none;display:inline-block;font-size:16px;padding:0 4px;vertical-align:middle;background-repeat:repeat;overflow:hidden;padding:0;cursor:pointer;box-sizing:content-box\"><svg width=\"100%\" height=\"100%\" style=\"display:block;border-radius:999px;\" focusable=\"false\" aria-hidden=\"true\" xmlns=\"http:\/\/www.w3.org\/2000\/svg\" viewBox=\"0 0 32 32\"><path fill=\"#fff\" d=\"M21.751 7h3.067l-6.7 7.658L26 25.078h-6.172l-4.833-6.32-5.531 6.32h-3.07l7.167-8.19L6 7h6.328l4.37 5.777L21.75 7Zm-1.076 16.242h1.7L11.404 8.74H9.58l11.094 14.503Z\"><\/path><\/svg><\/span><\/a><a aria-label=\"Reddit\" class=\"heateor_sss_button_reddit\" href=\"https:\/\/reddit.com\/submit?url=https%3A%2F%2Fwww.tvm.co.mz%2Fnovosite%2F2019%2F11%2F19%2Fataf-10-anos-de-guerra-contra-dependencia-externa-em-africa%2F&title=ATAF%3A%2010%20anos%20de%20guerra%20contra%20depend%C3%AAncia%20externa%20em%20%C3%81frica\" title=\"Reddit\" rel=\"nofollow noopener\" target=\"_blank\" style=\"font-size:32px!important;box-shadow:none;display:inline-block;vertical-align:middle\"><span class=\"heateor_sss_svg heateor_sss_s__default heateor_sss_s_reddit\" style=\"background-color:#ff5700;width:26px;height:26px;border-radius:999px;display:inline-block;opacity:1;float:left;font-size:32px;box-shadow:none;display:inline-block;font-size:16px;padding:0 4px;vertical-align:middle;background-repeat:repeat;overflow:hidden;padding:0;cursor:pointer;box-sizing:content-box\"><svg style=\"display:block;border-radius:999px;\" focusable=\"false\" aria-hidden=\"true\" xmlns=\"http:\/\/www.w3.org\/2000\/svg\" width=\"100%\" height=\"100%\" viewBox=\"-3.5 -3.5 39 39\"><path d=\"M28.543 15.774a2.953 2.953 0 0 0-2.951-2.949 2.882 2.882 0 0 0-1.9.713 14.075 14.075 0 0 0-6.85-2.044l1.38-4.349 3.768.884a2.452 2.452 0 1 0 .24-1.176l-4.274-1a.6.6 0 0 0-.709.4l-1.659 5.224a14.314 14.314 0 0 0-7.316 2.029 2.908 2.908 0 0 0-1.872-.681 2.942 2.942 0 0 0-1.618 5.4 5.109 5.109 0 0 0-.062.765c0 4.158 5.037 7.541 11.229 7.541s11.22-3.383 11.22-7.541a5.2 5.2 0 0 0-.053-.706 2.963 2.963 0 0 0 1.427-2.51zm-18.008 1.88a1.753 1.753 0 0 1 1.73-1.74 1.73 1.73 0 0 1 1.709 1.74 1.709 1.709 0 0 1-1.709 1.711 1.733 1.733 0 0 1-1.73-1.711zm9.565 4.968a5.573 5.573 0 0 1-4.081 1.272h-.032a5.576 5.576 0 0 1-4.087-1.272.6.6 0 0 1 .844-.854 4.5 4.5 0 0 0 3.238.927h.032a4.5 4.5 0 0 0 3.237-.927.6.6 0 1 1 .844.854zm-.331-3.256a1.726 1.726 0 1 1 1.709-1.712 1.717 1.717 0 0 1-1.712 1.712z\" fill=\"#fff\"\/><\/svg><\/span><\/a><a aria-label=\"Linkedin\" class=\"heateor_sss_button_linkedin\" href=\"https:\/\/www.linkedin.com\/sharing\/share-offsite\/?url=https%3A%2F%2Fwww.tvm.co.mz%2Fnovosite%2F2019%2F11%2F19%2Fataf-10-anos-de-guerra-contra-dependencia-externa-em-africa%2F\" title=\"Linkedin\" rel=\"nofollow noopener\" target=\"_blank\" style=\"font-size:32px!important;box-shadow:none;display:inline-block;vertical-align:middle\"><span class=\"heateor_sss_svg heateor_sss_s__default heateor_sss_s_linkedin\" style=\"background-color:#0077b5;width:26px;height:26px;border-radius:999px;display:inline-block;opacity:1;float:left;font-size:32px;box-shadow:none;display:inline-block;font-size:16px;padding:0 4px;vertical-align:middle;background-repeat:repeat;overflow:hidden;padding:0;cursor:pointer;box-sizing:content-box\"><svg style=\"display:block;border-radius:999px;\" focusable=\"false\" aria-hidden=\"true\" xmlns=\"http:\/\/www.w3.org\/2000\/svg\" width=\"100%\" height=\"100%\" viewBox=\"0 0 32 32\"><path d=\"M6.227 12.61h4.19v13.48h-4.19V12.61zm2.095-6.7a2.43 2.43 0 0 1 0 4.86c-1.344 0-2.428-1.09-2.428-2.43s1.084-2.43 2.428-2.43m4.72 6.7h4.02v1.84h.058c.56-1.058 1.927-2.176 3.965-2.176 4.238 0 5.02 2.792 5.02 6.42v7.395h-4.183v-6.56c0-1.564-.03-3.574-2.178-3.574-2.18 0-2.514 1.7-2.514 3.46v6.668h-4.187V12.61z\" fill=\"#fff\"><\/path><\/svg><\/span><\/a><a aria-label=\"Pinterest\" class=\"heateor_sss_button_pinterest\" href=\"https:\/\/www.tvm.co.mz\/novosite\/2019\/11\/19\/ataf-10-anos-de-guerra-contra-dependencia-externa-em-africa\/\" onclick=\"event.preventDefault();javascript:void( (function() {var e=document.createElement('script' );e.setAttribute('type','text\/javascript' );e.setAttribute('charset','UTF-8' );e.setAttribute('src','\/\/assets.pinterest.com\/js\/pinmarklet.js?r='+Math.random()*99999999);document.body.appendChild(e)})());\" title=\"Pinterest\" rel=\"noopener\" style=\"font-size:32px!important;box-shadow:none;display:inline-block;vertical-align:middle\"><span class=\"heateor_sss_svg heateor_sss_s__default heateor_sss_s_pinterest\" style=\"background-color:#cc2329;width:26px;height:26px;border-radius:999px;display:inline-block;opacity:1;float:left;font-size:32px;box-shadow:none;display:inline-block;font-size:16px;padding:0 4px;vertical-align:middle;background-repeat:repeat;overflow:hidden;padding:0;cursor:pointer;box-sizing:content-box\"><svg style=\"display:block;border-radius:999px;\" focusable=\"false\" aria-hidden=\"true\" xmlns=\"http:\/\/www.w3.org\/2000\/svg\" width=\"100%\" height=\"100%\" viewBox=\"-2 -2 35 35\"><path fill=\"#fff\" d=\"M16.539 4.5c-6.277 0-9.442 4.5-9.442 8.253 0 2.272.86 4.293 2.705 5.046.303.125.574.005.662-.33.061-.231.205-.816.27-1.06.088-.331.053-.447-.191-.736-.532-.627-.873-1.439-.873-2.591 0-3.338 2.498-6.327 6.505-6.327 3.548 0 5.497 2.168 5.497 5.062 0 3.81-1.686 7.025-4.188 7.025-1.382 0-2.416-1.142-2.085-2.545.397-1.674 1.166-3.48 1.166-4.689 0-1.081-.581-1.983-1.782-1.983-1.413 0-2.548 1.462-2.548 3.419 0 1.247.421 2.091.421 2.091l-1.699 7.199c-.505 2.137-.076 4.755-.039 5.019.021.158.223.196.314.077.13-.17 1.813-2.247 2.384-4.324.162-.587.929-3.631.929-3.631.46.876 1.801 1.646 3.227 1.646 4.247 0 7.128-3.871 7.128-9.053.003-3.918-3.317-7.568-8.361-7.568z\"\/><\/svg><\/span><\/a><a aria-label=\"Mastodon\" class=\"heateor_sss_button_mastodon\" href=\"https:\/\/mastodon.social\/share?text=https%3A%2F%2Fwww.tvm.co.mz%2Fnovosite%2F2019%2F11%2F19%2Fataf-10-anos-de-guerra-contra-dependencia-externa-em-africa%2F&title=ATAF%3A%2010%20anos%20de%20guerra%20contra%20depend%C3%AAncia%20externa%20em%20%C3%81frica\" title=\"Mastodon\" rel=\"nofollow noopener\" target=\"_blank\" style=\"font-size:32px!important;box-shadow:none;display:inline-block;vertical-align:middle\"><span class=\"heateor_sss_svg heateor_sss_s__default heateor_sss_s_mastodon\" style=\"background-color:#6364FF;width:26px;height:26px;border-radius:999px;display:inline-block;opacity:1;float:left;font-size:32px;box-shadow:none;display:inline-block;font-size:16px;padding:0 4px;vertical-align:middle;background-repeat:repeat;overflow:hidden;padding:0;cursor:pointer;box-sizing:content-box\"><svg style=\"display:block;border-radius:999px;\" focusable=\"false\" aria-hidden=\"true\" xmlns=\"http:\/\/www.w3.org\/2000\/svg\" width=\"100%\" height=\"100%\" viewBox=\"-3.5 -3.5 39 39\"><path d=\"M27 12c0-5.12-3.35-6.62-3.35-6.62C22 4.56 19.05 4.23 16 4.21c-3 0-5.92.35-7.61 1.12C8.36 5.33 5 6.83 5 12v4c.12 5 .92 9.93 5.54 11.16a17.67 17.67 0 005.44.6 10.88 10.88 0 004.18-.95l-.09-1.95a13.36 13.36 0 01-4.07.54c-2.12-.07-4.37-.23-4.71-2.84a5.58 5.58 0 01-.05-.73 27.46 27.46 0 004.73.63 26.76 26.76 0 004.68-.28c3-.35 5.53-2.17 5.85-3.83A39.25 39.25 0 0027 12zm-3.95 6.59h-2.46v-6c0-1.27-.53-1.91-1.6-1.91s-1.77.76-1.77 2.27v3.29h-2.44v-3.35c0-1.51-.59-2.27-1.77-2.27s-1.6.64-1.6 1.91v6H9v-6.18a4.49 4.49 0 011-3 3.39 3.39 0 012.63-1.12 3.17 3.17 0 012.84 1.44l.61 1 .61-1a3.17 3.17 0 012.84-1.44 3.39 3.39 0 012.63 1.12 4.49 4.49 0 011 3z\" fill=\"#fff\"><\/path><\/svg><\/span><\/a><a aria-label=\"Mix\" class=\"heateor_sss_button_mix\" href=\"https:\/\/mix.com\/mixit?url=https%3A%2F%2Fwww.tvm.co.mz%2Fnovosite%2F2019%2F11%2F19%2Fataf-10-anos-de-guerra-contra-dependencia-externa-em-africa%2F\" title=\"Mix\" rel=\"nofollow noopener\" target=\"_blank\" style=\"font-size:32px!important;box-shadow:none;display:inline-block;vertical-align:middle\"><span class=\"heateor_sss_svg heateor_sss_s__default heateor_sss_s_mix\" style=\"background-color:#ff8226;width:26px;height:26px;border-radius:999px;display:inline-block;opacity:1;float:left;font-size:32px;box-shadow:none;display:inline-block;font-size:16px;padding:0 4px;vertical-align:middle;background-repeat:repeat;overflow:hidden;padding:0;cursor:pointer;box-sizing:content-box\"><svg focusable=\"false\" aria-hidden=\"true\" xmlns=\"http:\/\/www.w3.org\/2000\/svg\" width=\"100%\" height=\"100%\" viewBox=\"-7 -8 45 45\"><g fill=\"#fff\"><path opacity=\".8\" d=\"M27.87 4.125c-5.224 0-9.467 4.159-9.467 9.291v2.89c0-1.306 1.074-2.362 2.399-2.362s2.399 1.056 2.399 2.362v1.204c0 1.306 1.074 2.362 2.399 2.362s2.399-1.056 2.399-2.362V4.134c-.036-.009-.082-.009-.129-.009\"\/><path d=\"M4 4.125v12.94c2.566 0 4.668-1.973 4.807-4.465v-2.214c0-.065 0-.12.009-.176.093-1.213 1.13-2.177 2.39-2.177 1.325 0 2.399 1.056 2.399 2.362v9.226c0 1.306 1.074 2.353 2.399 2.353s2.399-1.056 2.399-2.353v-6.206c0-5.132 4.233-9.291 9.467-9.291H4z\"\/><path opacity=\".8\" d=\"M4 17.074v8.438c0 1.306 1.074 2.362 2.399 2.362s2.399-1.056 2.399-2.362V12.61C8.659 15.102 6.566 17.074 4 17.074\"\/><\/g><\/svg><\/span><\/a><a aria-label=\"Whatsapp\" class=\"heateor_sss_whatsapp\" href=\"https:\/\/api.whatsapp.com\/send?text=ATAF%3A%2010%20anos%20de%20guerra%20contra%20depend%C3%AAncia%20externa%20em%20%C3%81frica%20https%3A%2F%2Fwww.tvm.co.mz%2Fnovosite%2F2019%2F11%2F19%2Fataf-10-anos-de-guerra-contra-dependencia-externa-em-africa%2F\" title=\"Whatsapp\" rel=\"nofollow noopener\" target=\"_blank\" style=\"font-size:32px!important;box-shadow:none;display:inline-block;vertical-align:middle\"><span class=\"heateor_sss_svg\" style=\"background-color:#55eb4c;width:26px;height:26px;border-radius:999px;display:inline-block;opacity:1;float:left;font-size:32px;box-shadow:none;display:inline-block;font-size:16px;padding:0 4px;vertical-align:middle;background-repeat:repeat;overflow:hidden;padding:0;cursor:pointer;box-sizing:content-box\"><svg style=\"display:block;border-radius:999px;\" focusable=\"false\" aria-hidden=\"true\" xmlns=\"http:\/\/www.w3.org\/2000\/svg\" width=\"100%\" height=\"100%\" viewBox=\"-6 -5 40 40\"><path class=\"heateor_sss_svg_stroke heateor_sss_no_fill\" stroke=\"#fff\" stroke-width=\"2\" fill=\"none\" d=\"M 11.579798566743314 24.396926207859085 A 10 10 0 1 0 6.808479557110079 20.73576436351046\"><\/path><path d=\"M 7 19 l -1 6 l 6 -1\" class=\"heateor_sss_no_fill heateor_sss_svg_stroke\" stroke=\"#fff\" stroke-width=\"2\" fill=\"none\"><\/path><path d=\"M 10 10 q -1 8 8 11 c 5 -1 0 -6 -1 -3 q -4 -3 -5 -5 c 4 -2 -1 -5 -1 -4\" fill=\"#fff\"><\/path><\/svg><\/span><\/a><a class=\"heateor_sss_more\" aria-label=\"More\" title=\"More\" rel=\"nofollow noopener\" style=\"font-size: 32px!important;border:0;box-shadow:none;display:inline-block!important;font-size:16px;padding:0 4px;vertical-align: middle;display:inline;\" href=\"https:\/\/www.tvm.co.mz\/novosite\/2019\/11\/19\/ataf-10-anos-de-guerra-contra-dependencia-externa-em-africa\/\" onclick=\"event.preventDefault()\"><span class=\"heateor_sss_svg\" style=\"background-color:#ee8e2d;width:26px;height:26px;border-radius:999px;display:inline-block!important;opacity:1;float:left;font-size:32px!important;box-shadow:none;display:inline-block;font-size:16px;padding:0 4px;vertical-align:middle;display:inline;background-repeat:repeat;overflow:hidden;padding:0;cursor:pointer;box-sizing:content-box;\" onclick=\"heateorSssMoreSharingPopup(this, 'https:\/\/www.tvm.co.mz\/novosite\/2019\/11\/19\/ataf-10-anos-de-guerra-contra-dependencia-externa-em-africa\/', 'ATAF%3A%2010%20anos%20de%20guerra%20contra%20depend%C3%AAncia%20externa%20em%20%C3%81frica', '' )\"><svg xmlns=\"http:\/\/www.w3.org\/2000\/svg\" xmlns:xlink=\"http:\/\/www.w3.org\/1999\/xlink\" viewBox=\"-.3 0 32 32\" version=\"1.1\" width=\"100%\" height=\"100%\" style=\"display:block;border-radius:999px;\" xml:space=\"preserve\"><g><path fill=\"#fff\" d=\"M18 14V8h-4v6H8v4h6v6h4v-6h6v-4h-6z\" fill-rule=\"evenodd\"><\/path><\/g><\/svg><\/span><\/a><\/div><div class=\"heateorSssClear\"><\/div><\/div><div class='heateorSssClear'><\/div>","protected":false},"author":3,"featured_media":17030,"comment_status":"open","ping_status":"open","sticky":false,"template":"","format":"standard","meta":{"site-sidebar-layout":"default","site-content-layout":"","ast-site-content-layout":"default","site-content-style":"default","site-sidebar-style":"default","ast-global-header-display":"","ast-banner-title-visibility":"","ast-main-header-display":"","ast-hfb-above-header-display":"","ast-hfb-below-header-display":"","ast-hfb-mobile-header-display":"","site-post-title":"","ast-breadcrumbs-content":"","ast-featured-img":"","footer-sml-layout":"","theme-transparent-header-meta":"","adv-header-id-meta":"","stick-header-meta":"","header-above-stick-meta":"","header-main-stick-meta":"","header-below-stick-meta":"","astra-migrate-meta-layouts":"default","ast-page-background-enabled":"default","ast-page-background-meta":{"desktop":{"background-color":"var(--ast-global-color-4)","background-image":"","background-repeat":"repeat","background-position":"center center","background-size":"auto","background-attachment":"scroll","background-type":"","background-media":"","overlay-type":"","overlay-color":"","overlay-opacity":"","overlay-gradient":""},"tablet":{"background-color":"","background-image":"","background-repeat":"repeat","background-position":"center center","background-size":"auto","background-attachment":"scroll","background-type":"","background-media":"","overlay-type":"","overlay-color":"","overlay-opacity":"","overlay-gradient":""},"mobile":{"background-color":"","background-image":"","background-repeat":"repeat","background-position":"center center","background-size":"auto","background-attachment":"scroll","background-type":"","background-media":"","overlay-type":"","overlay-color":"","overlay-opacity":"","overlay-gradient":""}},"ast-content-background-meta":{"desktop":{"background-color":"var(--ast-global-color-5)","background-image":"","background-repeat":"repeat","background-position":"center center","background-size":"auto","background-attachment":"scroll","background-type":"","background-media":"","overlay-type":"","overlay-color":"","overlay-opacity":"","overlay-gradient":""},"tablet":{"background-color":"var(--ast-global-color-5)","background-image":"","background-repeat":"repeat","background-position":"center center","background-size":"auto","background-attachment":"scroll","background-type":"","background-media":"","overlay-type":"","overlay-color":"","overlay-opacity":"","overlay-gradient":""},"mobile":{"background-color":"var(--ast-global-color-5)","background-image":"","background-repeat":"repeat","background-position":"center center","background-size":"auto","background-attachment":"scroll","background-type":"","background-media":"","overlay-type":"","overlay-color":"","overlay-opacity":"","overlay-gradient":""}},"footnotes":""},"categories":[10],"tags":[],"class_list":["post-6063","post","type-post","status-publish","format-standard","has-post-thumbnail","hentry","category-mundo"],"yoast_head":"<!-- This site is optimized with the Yoast SEO plugin v27.4 - https:\/\/yoast.com\/product\/yoast-seo-wordpress\/ -->\n<title>ATAF: 10 anos de guerra contra depend\u00eancia externa em \u00c1frica - TVM - Televis\u00e3o de Mo\u00e7ambique<\/title>\n<meta name=\"robots\" content=\"index, follow, max-snippet:-1, max-image-preview:large, max-video-preview:-1\" \/>\n<link rel=\"canonical\" href=\"https:\/\/www.tvm.co.mz\/novosite\/2019\/11\/19\/ataf-10-anos-de-guerra-contra-dependencia-externa-em-africa\/\" \/>\n<meta property=\"og:locale\" content=\"pt_PT\" \/>\n<meta property=\"og:type\" content=\"article\" \/>\n<meta property=\"og:title\" content=\"ATAF: 10 anos de guerra contra depend\u00eancia externa em \u00c1frica - TVM - Televis\u00e3o de Mo\u00e7ambique\" \/>\n<meta property=\"og:description\" content=\"H\u00e1 dez anos nascia um sonho africano: tornar o continente economicamente livre, construir uma \u00c1frica sem contar com ajuda externa. Para a concretiza\u00e7\u00e3o deste anseio foi lan\u00e7ado, em 2009, o F\u00f3rum Africano de Administra\u00e7\u00e3o Tribut\u00e1ria, ou simplesmente ATAF (sigla inglesa). O F\u00f3rum Africano de Administra\u00e7\u00e3o Tribut\u00e1ria foi criado ap\u00f3s a crise global de 2008, ano em que o n\u00edvel de investimento directo estrangeiro para pa\u00edses africanos caiu de forma desastrosa. No ano de lan\u00e7amento, ATAF tinha apenas 25 pa\u00edses membros. Ap\u00f3s uma d\u00e9cada, o F\u00f3rum conta com trinta e oito pa\u00edses membros, isto \u00e9, setenta por cento dos pa\u00edses do continente africano. Mo\u00e7ambique est\u00e1 integrado no F\u00f3rum desde 2009. Em dez anos, foi poss\u00edvel estudar e aplicar medidas novas para maior colecta de receitas ficas. \u00c1frica est\u00e1, hoje, financeiramente mais robusta por via de receitas pr\u00f3prias. Olhando para o que era o continente h\u00e1 dez anos, ATAF considera ter havido melhorias. Foi igualmente poss\u00edvel ajudar os pa\u00edses africanos a conter os fluxos fiscais, atrav\u00e9s do Acordo de Dupla Tributa\u00e7\u00e3o, do ATAF. Raz\u00e3o pela qual, ap\u00f3s dez anos de trabalho, o F\u00f3rum Africano de Administra\u00e7\u00e3o Tribut\u00e1ria est\u00e1 a celebrar. Voltou ao mesmo pa\u00eds onde foi criada a organiza\u00e7\u00e3o, Uganda, para assinalar a passagem da primeira d\u00e9cada. Kampala, capital de Uganda, torna-se em capital africana, pelo menos entre os dias dezanove a vinte e dois do m\u00eas em curso, per\u00edodo no qual t\u00eam lugar as festividades. O evento comemorativo decorre no contexto da quarta confer\u00eancia internacional sobre tributa\u00e7\u00e3o em \u00c1frica. O tema central da confer\u00eancia \u00e9 inova\u00e7\u00e3o e digitaliza\u00e7\u00e3o: aproveitamento da tecnologia para melhorar os sistemas fiscais. Ali\u00e1s, um dos maiores desafios da pr\u00f3xima d\u00e9cada \u00e9 a economia digital, tal como refere Doris Akol, Directora-Geral da Autoridade Tribut\u00e1ria de Uganda. &#8220;Enquanto celebramos todas essas grandes conquistas, estamos cientes do fato de que existem desafios que precisamos enfrentar &#8211; as economias digitais. Por exemplo, Jumia, an\u00fancios no Google, an\u00fancios no Facebook, Kikuu, para citar apenas alguns. Eles est\u00e3o \u00e0 nossa volta, todos os usamos de uma maneira ou de outra e, no entanto, n\u00e3o estamos registrando n\u00fameros de receita em termos de cobran\u00e7a deles. Isso ocorre porque a maioria de nossas pol\u00edticas provavelmente as ignorou. Por exemplo, para algu\u00e9m ser tributado, eles devem ter um endere\u00e7o f\u00edsico. Esse \u00e9 um pr\u00e9-requisito que n\u00e3o \u00e9 compat\u00edvel com as economias digitais, porque elas operam on-line e mal t\u00eam uma pegada f\u00edsica; no entanto, elas gastam muito dinheiro em vendas.&#8221;, avan\u00e7ou Doris Akol. Yoweri Museveni, Presidente da Rep\u00fablica de Uganda, foi quem fez o discurso de abertura da confer\u00eancia. Logo \u00e0 partida disse ser contra tributa\u00e7\u00e3o em sectores produtivos. Para Museveni, a tributa\u00e7\u00e3o deve incidir no consumo. Deu exemplo de Uganda. &#8220;No Uganda, aumentamos nossos esfor\u00e7os na mobiliza\u00e7\u00e3o de receita dom\u00e9stica, com foco especial no aumento das receitas tribut\u00e1rias das empresas, ampliando a cobertura do IVA e melhorando a efici\u00eancia da arrecada\u00e7\u00e3o de impostos. Isso se traduzir\u00e1 em receitas e doa\u00e7\u00f5es que aumentam de 14,5% em 2015\/16 para 15,9% do PIB em 2019\/20. Prev\u00ea-se que as despesas atinjam 22,9% do PIB em 2017\/18, devido a gastos com infraestrutura.&#8221;, disse o presidente de Uganda, acrescentando que \u00c1frica n\u00e3o precisa mais de dinheiro externo para crescer. A par da mobiliza\u00e7\u00e3o de receitas em \u00c1frica e do desafio da economia digital, o F\u00f3rum Africano de Administra\u00e7\u00e3o Tribut\u00e1ria quer contar com todos os cinquenta e quatro pa\u00edses africanos como membros. Coment\u00e1rios sobre cen\u00e1rios \u00e0 margem do evento Actualmente com 75 anos, Yoweri Museveni governa Uganda desde 1986. Quando assumiu o poder tinha 42 anos. A n\u00e3o altern\u00e2ncia pol\u00edtica tornou o presidente num verdadeiro deus no pa\u00eds. O chefe de Estado chegou tardiamente ao evento, tudo parou \u00e0 sua espera. A cerim\u00f3nia de abertura devia iniciar pontualmente \u00e0s 09 horas, mas a confer\u00eancia s\u00f3 come\u00e7ou \u00e0s 11h20m, ainda sem ele e sem abertura oficial. Por ver o tempo passar, os organizadores preferiram avan\u00e7ar com o debate de alguns temas iniciais, mas havia um aviso pr\u00e9vio: \u00e0 chegada do presidente, interrompemos a discuss\u00e3o. De facto, vinte minutos ap\u00f3s o in\u00edcio do debate, houve interrup\u00e7\u00e3o. Chegava Yoweri Museveni. Todo painel deve de sair dos assnros para receb\u00ea-lo junto \u00e0 entrada da sala de sess\u00f5es. Eram quase 12 horas. Depois de longos discursos, Museveni s\u00f3 foi ao podium \u00e0s 13 horas, n\u00e3o discursou no mesmo local onde os predecessores discursaram. Fez um discurso de trinta e cinco minutos. Com alguma com\u00e9dia \u00e0 mistura. Foi essa com\u00e9dia que atenuou os \u00e2nimos e deixou a sala \u00e0s gargalhadas. Os delegados e participantes do evento foram obrigados a estar no local da confer\u00eancia \u00e0s 07 da manh\u00e3. Telem\u00f3veis, laptops e quaisquer outros dispositivos ficam de fora. Ningu\u00e9m conseguiu fotografar e colocar na hist\u00f3ria um importante evento: dez anos de uma organiza\u00e7\u00e3o t\u00e3o expressiva como ATAF. No mundo t\u00e3o tecnol\u00f3gico de hoje, h\u00e1 organiza\u00e7oes de comunica\u00e7\u00e3o que trabalham com o online e precisam de actualizar as informa\u00e7\u00f5es, entretanto, os jornalistas foram obrigados tamb\u00e9m a deixar os celulares do lado de fora. S\u00f3 eram permitidos entrar com uma c\u00e2mera de filmar e um laptop, passando antes por uma fiscaliza\u00e7\u00e3o para saber o que h\u00e1 nos dispositivos. Por fim coloca-se um selo de seguran\u00e7a. Os jornalistas sempre lutam pela liberdade e desta vez n\u00e3o foi diferente. Depois de uma discuss\u00e3o tensa, foram permitidos apenas seis celulares na sala. Scaneados e colocados um selo. Enfim, a aus\u00eancia de uma democracia genu\u00edna rertada n\u00e3o s\u00f3 as na\u00e7\u00f5es, mas sobretudo as mentes humanas. Todos preocupam-se em fazer um culto \u00e0 figura do presidente, n\u00e3o abrindo espa\u00e7o para reflex\u00e3o. Bem-vindos \u00e0 Uganda.\" \/>\n<meta property=\"og:url\" content=\"https:\/\/www.tvm.co.mz\/novosite\/2019\/11\/19\/ataf-10-anos-de-guerra-contra-dependencia-externa-em-africa\/\" \/>\n<meta property=\"og:site_name\" content=\"TVM - Televis\u00e3o de Mo\u00e7ambique\" \/>\n<meta property=\"article:publisher\" content=\"https:\/\/www.facebook.com\/mocambique.tvm\/\" \/>\n<meta property=\"article:published_time\" content=\"2019-11-19T15:37:27+00:00\" \/>\n<meta property=\"og:image\" content=\"https:\/\/www.tvm.co.mz\/novosite\/wp-content\/uploads\/2019\/11\/Image_2019-11-19_at_12.34.42.jpeg\" \/>\n\t<meta property=\"og:image:width\" content=\"1024\" \/>\n\t<meta property=\"og:image:height\" content=\"682\" \/>\n\t<meta property=\"og:image:type\" content=\"image\/jpeg\" \/>\n<meta name=\"author\" content=\"Edson Sengo\" \/>\n<meta name=\"twitter:card\" content=\"summary_large_image\" \/>\n<meta name=\"twitter:label1\" content=\"Escrito por\" \/>\n\t<meta name=\"twitter:data1\" content=\"Edson Sengo\" \/>\n\t<meta name=\"twitter:label2\" content=\"Tempo estimado de leitura\" \/>\n\t<meta name=\"twitter:data2\" content=\"5 minutos\" \/>\n<script type=\"application\/ld+json\" class=\"yoast-schema-graph\">{\"@context\":\"https:\\\/\\\/schema.org\",\"@graph\":[{\"@type\":\"Article\",\"@id\":\"https:\\\/\\\/www.tvm.co.mz\\\/novosite\\\/2019\\\/11\\\/19\\\/ataf-10-anos-de-guerra-contra-dependencia-externa-em-africa\\\/#article\",\"isPartOf\":{\"@id\":\"https:\\\/\\\/www.tvm.co.mz\\\/novosite\\\/2019\\\/11\\\/19\\\/ataf-10-anos-de-guerra-contra-dependencia-externa-em-africa\\\/\"},\"author\":{\"name\":\"Edson Sengo\",\"@id\":\"https:\\\/\\\/www.tvm.co.mz\\\/novosite\\\/#\\\/schema\\\/person\\\/4f8d2d8300c04d5b1fb83b3ddbddb72e\"},\"headline\":\"ATAF: 10 anos de guerra contra depend\u00eancia externa em \u00c1frica\",\"datePublished\":\"2019-11-19T15:37:27+00:00\",\"mainEntityOfPage\":{\"@id\":\"https:\\\/\\\/www.tvm.co.mz\\\/novosite\\\/2019\\\/11\\\/19\\\/ataf-10-anos-de-guerra-contra-dependencia-externa-em-africa\\\/\"},\"wordCount\":1022,\"commentCount\":0,\"publisher\":{\"@id\":\"https:\\\/\\\/www.tvm.co.mz\\\/novosite\\\/#organization\"},\"image\":{\"@id\":\"https:\\\/\\\/www.tvm.co.mz\\\/novosite\\\/2019\\\/11\\\/19\\\/ataf-10-anos-de-guerra-contra-dependencia-externa-em-africa\\\/#primaryimage\"},\"thumbnailUrl\":\"https:\\\/\\\/www.tvm.co.mz\\\/novosite\\\/wp-content\\\/uploads\\\/2019\\\/11\\\/Image_2019-11-19_at_12.34.42.jpeg\",\"articleSection\":[\"Mundo\"],\"inLanguage\":\"pt-PT\"},{\"@type\":\"WebPage\",\"@id\":\"https:\\\/\\\/www.tvm.co.mz\\\/novosite\\\/2019\\\/11\\\/19\\\/ataf-10-anos-de-guerra-contra-dependencia-externa-em-africa\\\/\",\"url\":\"https:\\\/\\\/www.tvm.co.mz\\\/novosite\\\/2019\\\/11\\\/19\\\/ataf-10-anos-de-guerra-contra-dependencia-externa-em-africa\\\/\",\"name\":\"ATAF: 10 anos de guerra contra depend\u00eancia externa em \u00c1frica - TVM - Televis\u00e3o de Mo\u00e7ambique\",\"isPartOf\":{\"@id\":\"https:\\\/\\\/www.tvm.co.mz\\\/novosite\\\/#website\"},\"primaryImageOfPage\":{\"@id\":\"https:\\\/\\\/www.tvm.co.mz\\\/novosite\\\/2019\\\/11\\\/19\\\/ataf-10-anos-de-guerra-contra-dependencia-externa-em-africa\\\/#primaryimage\"},\"image\":{\"@id\":\"https:\\\/\\\/www.tvm.co.mz\\\/novosite\\\/2019\\\/11\\\/19\\\/ataf-10-anos-de-guerra-contra-dependencia-externa-em-africa\\\/#primaryimage\"},\"thumbnailUrl\":\"https:\\\/\\\/www.tvm.co.mz\\\/novosite\\\/wp-content\\\/uploads\\\/2019\\\/11\\\/Image_2019-11-19_at_12.34.42.jpeg\",\"datePublished\":\"2019-11-19T15:37:27+00:00\",\"breadcrumb\":{\"@id\":\"https:\\\/\\\/www.tvm.co.mz\\\/novosite\\\/2019\\\/11\\\/19\\\/ataf-10-anos-de-guerra-contra-dependencia-externa-em-africa\\\/#breadcrumb\"},\"inLanguage\":\"pt-PT\",\"potentialAction\":[{\"@type\":\"ReadAction\",\"target\":[\"https:\\\/\\\/www.tvm.co.mz\\\/novosite\\\/2019\\\/11\\\/19\\\/ataf-10-anos-de-guerra-contra-dependencia-externa-em-africa\\\/\"]}]},{\"@type\":\"ImageObject\",\"inLanguage\":\"pt-PT\",\"@id\":\"https:\\\/\\\/www.tvm.co.mz\\\/novosite\\\/2019\\\/11\\\/19\\\/ataf-10-anos-de-guerra-contra-dependencia-externa-em-africa\\\/#primaryimage\",\"url\":\"https:\\\/\\\/www.tvm.co.mz\\\/novosite\\\/wp-content\\\/uploads\\\/2019\\\/11\\\/Image_2019-11-19_at_12.34.42.jpeg\",\"contentUrl\":\"https:\\\/\\\/www.tvm.co.mz\\\/novosite\\\/wp-content\\\/uploads\\\/2019\\\/11\\\/Image_2019-11-19_at_12.34.42.jpeg\",\"width\":1024,\"height\":682,\"caption\":\"Image 2019-11-19 at 12.34.42.jpeg\"},{\"@type\":\"BreadcrumbList\",\"@id\":\"https:\\\/\\\/www.tvm.co.mz\\\/novosite\\\/2019\\\/11\\\/19\\\/ataf-10-anos-de-guerra-contra-dependencia-externa-em-africa\\\/#breadcrumb\",\"itemListElement\":[{\"@type\":\"ListItem\",\"position\":1,\"name\":\"In\u00edcio\",\"item\":\"https:\\\/\\\/www.tvm.co.mz\\\/novosite\\\/\"},{\"@type\":\"ListItem\",\"position\":2,\"name\":\"ATAF: 10 anos de guerra contra depend\u00eancia externa em \u00c1frica\"}]},{\"@type\":\"WebSite\",\"@id\":\"https:\\\/\\\/www.tvm.co.mz\\\/novosite\\\/#website\",\"url\":\"https:\\\/\\\/www.tvm.co.mz\\\/novosite\\\/\",\"name\":\"TVM\",\"description\":\"\",\"publisher\":{\"@id\":\"https:\\\/\\\/www.tvm.co.mz\\\/novosite\\\/#organization\"},\"potentialAction\":[{\"@type\":\"SearchAction\",\"target\":{\"@type\":\"EntryPoint\",\"urlTemplate\":\"https:\\\/\\\/www.tvm.co.mz\\\/novosite\\\/?s={search_term_string}\"},\"query-input\":{\"@type\":\"PropertyValueSpecification\",\"valueRequired\":true,\"valueName\":\"search_term_string\"}}],\"inLanguage\":\"pt-PT\"},{\"@type\":\"Organization\",\"@id\":\"https:\\\/\\\/www.tvm.co.mz\\\/novosite\\\/#organization\",\"name\":\"Televis\u00e3o de Mo\u00e7ambique\",\"url\":\"https:\\\/\\\/www.tvm.co.mz\\\/novosite\\\/\",\"logo\":{\"@type\":\"ImageObject\",\"inLanguage\":\"pt-PT\",\"@id\":\"https:\\\/\\\/www.tvm.co.mz\\\/novosite\\\/#\\\/schema\\\/logo\\\/image\\\/\",\"url\":\"\",\"contentUrl\":\"\",\"caption\":\"Televis\u00e3o de Mo\u00e7ambique\"},\"image\":{\"@id\":\"https:\\\/\\\/www.tvm.co.mz\\\/novosite\\\/#\\\/schema\\\/logo\\\/image\\\/\"},\"sameAs\":[\"https:\\\/\\\/www.facebook.com\\\/mocambique.tvm\\\/\",\"https:\\\/\\\/www.instagram.com\\\/tvm.mocambique\\\/\",\"https:\\\/\\\/www.youtube.com\\\/channel\\\/UCfRoEW08udEmsPSIt_YDK_w\"]},{\"@type\":\"Person\",\"@id\":\"https:\\\/\\\/www.tvm.co.mz\\\/novosite\\\/#\\\/schema\\\/person\\\/4f8d2d8300c04d5b1fb83b3ddbddb72e\",\"name\":\"Edson Sengo\",\"image\":{\"@type\":\"ImageObject\",\"inLanguage\":\"pt-PT\",\"@id\":\"https:\\\/\\\/secure.gravatar.com\\\/avatar\\\/6aac98ee48f17f861bb858ab882ac2e1d90621fbbddd3eafdf0726c3feaf589e?s=96&d=mm&r=g\",\"url\":\"https:\\\/\\\/secure.gravatar.com\\\/avatar\\\/6aac98ee48f17f861bb858ab882ac2e1d90621fbbddd3eafdf0726c3feaf589e?s=96&d=mm&r=g\",\"contentUrl\":\"https:\\\/\\\/secure.gravatar.com\\\/avatar\\\/6aac98ee48f17f861bb858ab882ac2e1d90621fbbddd3eafdf0726c3feaf589e?s=96&d=mm&r=g\",\"caption\":\"Edson Sengo\"},\"url\":\"https:\\\/\\\/www.tvm.co.mz\\\/novosite\\\/author\\\/esengo\\\/\"}]}<\/script>\n<!-- \/ Yoast SEO plugin. -->","yoast_head_json":{"title":"ATAF: 10 anos de guerra contra depend\u00eancia externa em \u00c1frica - TVM - Televis\u00e3o de Mo\u00e7ambique","robots":{"index":"index","follow":"follow","max-snippet":"max-snippet:-1","max-image-preview":"max-image-preview:large","max-video-preview":"max-video-preview:-1"},"canonical":"https:\/\/www.tvm.co.mz\/novosite\/2019\/11\/19\/ataf-10-anos-de-guerra-contra-dependencia-externa-em-africa\/","og_locale":"pt_PT","og_type":"article","og_title":"ATAF: 10 anos de guerra contra depend\u00eancia externa em \u00c1frica - TVM - Televis\u00e3o de Mo\u00e7ambique","og_description":"H\u00e1 dez anos nascia um sonho africano: tornar o continente economicamente livre, construir uma \u00c1frica sem contar com ajuda externa. Para a concretiza\u00e7\u00e3o deste anseio foi lan\u00e7ado, em 2009, o F\u00f3rum Africano de Administra\u00e7\u00e3o Tribut\u00e1ria, ou simplesmente ATAF (sigla inglesa). O F\u00f3rum Africano de Administra\u00e7\u00e3o Tribut\u00e1ria foi criado ap\u00f3s a crise global de 2008, ano em que o n\u00edvel de investimento directo estrangeiro para pa\u00edses africanos caiu de forma desastrosa. No ano de lan\u00e7amento, ATAF tinha apenas 25 pa\u00edses membros. Ap\u00f3s uma d\u00e9cada, o F\u00f3rum conta com trinta e oito pa\u00edses membros, isto \u00e9, setenta por cento dos pa\u00edses do continente africano. Mo\u00e7ambique est\u00e1 integrado no F\u00f3rum desde 2009. Em dez anos, foi poss\u00edvel estudar e aplicar medidas novas para maior colecta de receitas ficas. \u00c1frica est\u00e1, hoje, financeiramente mais robusta por via de receitas pr\u00f3prias. Olhando para o que era o continente h\u00e1 dez anos, ATAF considera ter havido melhorias. Foi igualmente poss\u00edvel ajudar os pa\u00edses africanos a conter os fluxos fiscais, atrav\u00e9s do Acordo de Dupla Tributa\u00e7\u00e3o, do ATAF. Raz\u00e3o pela qual, ap\u00f3s dez anos de trabalho, o F\u00f3rum Africano de Administra\u00e7\u00e3o Tribut\u00e1ria est\u00e1 a celebrar. Voltou ao mesmo pa\u00eds onde foi criada a organiza\u00e7\u00e3o, Uganda, para assinalar a passagem da primeira d\u00e9cada. Kampala, capital de Uganda, torna-se em capital africana, pelo menos entre os dias dezanove a vinte e dois do m\u00eas em curso, per\u00edodo no qual t\u00eam lugar as festividades. O evento comemorativo decorre no contexto da quarta confer\u00eancia internacional sobre tributa\u00e7\u00e3o em \u00c1frica. O tema central da confer\u00eancia \u00e9 inova\u00e7\u00e3o e digitaliza\u00e7\u00e3o: aproveitamento da tecnologia para melhorar os sistemas fiscais. Ali\u00e1s, um dos maiores desafios da pr\u00f3xima d\u00e9cada \u00e9 a economia digital, tal como refere Doris Akol, Directora-Geral da Autoridade Tribut\u00e1ria de Uganda. &#8220;Enquanto celebramos todas essas grandes conquistas, estamos cientes do fato de que existem desafios que precisamos enfrentar &#8211; as economias digitais. Por exemplo, Jumia, an\u00fancios no Google, an\u00fancios no Facebook, Kikuu, para citar apenas alguns. Eles est\u00e3o \u00e0 nossa volta, todos os usamos de uma maneira ou de outra e, no entanto, n\u00e3o estamos registrando n\u00fameros de receita em termos de cobran\u00e7a deles. Isso ocorre porque a maioria de nossas pol\u00edticas provavelmente as ignorou. Por exemplo, para algu\u00e9m ser tributado, eles devem ter um endere\u00e7o f\u00edsico. Esse \u00e9 um pr\u00e9-requisito que n\u00e3o \u00e9 compat\u00edvel com as economias digitais, porque elas operam on-line e mal t\u00eam uma pegada f\u00edsica; no entanto, elas gastam muito dinheiro em vendas.&#8221;, avan\u00e7ou Doris Akol. Yoweri Museveni, Presidente da Rep\u00fablica de Uganda, foi quem fez o discurso de abertura da confer\u00eancia. Logo \u00e0 partida disse ser contra tributa\u00e7\u00e3o em sectores produtivos. Para Museveni, a tributa\u00e7\u00e3o deve incidir no consumo. Deu exemplo de Uganda. &#8220;No Uganda, aumentamos nossos esfor\u00e7os na mobiliza\u00e7\u00e3o de receita dom\u00e9stica, com foco especial no aumento das receitas tribut\u00e1rias das empresas, ampliando a cobertura do IVA e melhorando a efici\u00eancia da arrecada\u00e7\u00e3o de impostos. Isso se traduzir\u00e1 em receitas e doa\u00e7\u00f5es que aumentam de 14,5% em 2015\/16 para 15,9% do PIB em 2019\/20. Prev\u00ea-se que as despesas atinjam 22,9% do PIB em 2017\/18, devido a gastos com infraestrutura.&#8221;, disse o presidente de Uganda, acrescentando que \u00c1frica n\u00e3o precisa mais de dinheiro externo para crescer. A par da mobiliza\u00e7\u00e3o de receitas em \u00c1frica e do desafio da economia digital, o F\u00f3rum Africano de Administra\u00e7\u00e3o Tribut\u00e1ria quer contar com todos os cinquenta e quatro pa\u00edses africanos como membros. Coment\u00e1rios sobre cen\u00e1rios \u00e0 margem do evento Actualmente com 75 anos, Yoweri Museveni governa Uganda desde 1986. Quando assumiu o poder tinha 42 anos. A n\u00e3o altern\u00e2ncia pol\u00edtica tornou o presidente num verdadeiro deus no pa\u00eds. O chefe de Estado chegou tardiamente ao evento, tudo parou \u00e0 sua espera. A cerim\u00f3nia de abertura devia iniciar pontualmente \u00e0s 09 horas, mas a confer\u00eancia s\u00f3 come\u00e7ou \u00e0s 11h20m, ainda sem ele e sem abertura oficial. Por ver o tempo passar, os organizadores preferiram avan\u00e7ar com o debate de alguns temas iniciais, mas havia um aviso pr\u00e9vio: \u00e0 chegada do presidente, interrompemos a discuss\u00e3o. De facto, vinte minutos ap\u00f3s o in\u00edcio do debate, houve interrup\u00e7\u00e3o. Chegava Yoweri Museveni. Todo painel deve de sair dos assnros para receb\u00ea-lo junto \u00e0 entrada da sala de sess\u00f5es. Eram quase 12 horas. Depois de longos discursos, Museveni s\u00f3 foi ao podium \u00e0s 13 horas, n\u00e3o discursou no mesmo local onde os predecessores discursaram. Fez um discurso de trinta e cinco minutos. Com alguma com\u00e9dia \u00e0 mistura. Foi essa com\u00e9dia que atenuou os \u00e2nimos e deixou a sala \u00e0s gargalhadas. Os delegados e participantes do evento foram obrigados a estar no local da confer\u00eancia \u00e0s 07 da manh\u00e3. Telem\u00f3veis, laptops e quaisquer outros dispositivos ficam de fora. Ningu\u00e9m conseguiu fotografar e colocar na hist\u00f3ria um importante evento: dez anos de uma organiza\u00e7\u00e3o t\u00e3o expressiva como ATAF. No mundo t\u00e3o tecnol\u00f3gico de hoje, h\u00e1 organiza\u00e7oes de comunica\u00e7\u00e3o que trabalham com o online e precisam de actualizar as informa\u00e7\u00f5es, entretanto, os jornalistas foram obrigados tamb\u00e9m a deixar os celulares do lado de fora. S\u00f3 eram permitidos entrar com uma c\u00e2mera de filmar e um laptop, passando antes por uma fiscaliza\u00e7\u00e3o para saber o que h\u00e1 nos dispositivos. Por fim coloca-se um selo de seguran\u00e7a. Os jornalistas sempre lutam pela liberdade e desta vez n\u00e3o foi diferente. Depois de uma discuss\u00e3o tensa, foram permitidos apenas seis celulares na sala. Scaneados e colocados um selo. Enfim, a aus\u00eancia de uma democracia genu\u00edna rertada n\u00e3o s\u00f3 as na\u00e7\u00f5es, mas sobretudo as mentes humanas. Todos preocupam-se em fazer um culto \u00e0 figura do presidente, n\u00e3o abrindo espa\u00e7o para reflex\u00e3o. Bem-vindos \u00e0 Uganda.","og_url":"https:\/\/www.tvm.co.mz\/novosite\/2019\/11\/19\/ataf-10-anos-de-guerra-contra-dependencia-externa-em-africa\/","og_site_name":"TVM - Televis\u00e3o de Mo\u00e7ambique","article_publisher":"https:\/\/www.facebook.com\/mocambique.tvm\/","article_published_time":"2019-11-19T15:37:27+00:00","og_image":[{"width":1024,"height":682,"url":"https:\/\/www.tvm.co.mz\/novosite\/wp-content\/uploads\/2019\/11\/Image_2019-11-19_at_12.34.42.jpeg","type":"image\/jpeg"}],"author":"Edson Sengo","twitter_card":"summary_large_image","twitter_misc":{"Escrito por":"Edson Sengo","Tempo estimado de leitura":"5 minutos"},"schema":{"@context":"https:\/\/schema.org","@graph":[{"@type":"Article","@id":"https:\/\/www.tvm.co.mz\/novosite\/2019\/11\/19\/ataf-10-anos-de-guerra-contra-dependencia-externa-em-africa\/#article","isPartOf":{"@id":"https:\/\/www.tvm.co.mz\/novosite\/2019\/11\/19\/ataf-10-anos-de-guerra-contra-dependencia-externa-em-africa\/"},"author":{"name":"Edson Sengo","@id":"https:\/\/www.tvm.co.mz\/novosite\/#\/schema\/person\/4f8d2d8300c04d5b1fb83b3ddbddb72e"},"headline":"ATAF: 10 anos de guerra contra depend\u00eancia externa em \u00c1frica","datePublished":"2019-11-19T15:37:27+00:00","mainEntityOfPage":{"@id":"https:\/\/www.tvm.co.mz\/novosite\/2019\/11\/19\/ataf-10-anos-de-guerra-contra-dependencia-externa-em-africa\/"},"wordCount":1022,"commentCount":0,"publisher":{"@id":"https:\/\/www.tvm.co.mz\/novosite\/#organization"},"image":{"@id":"https:\/\/www.tvm.co.mz\/novosite\/2019\/11\/19\/ataf-10-anos-de-guerra-contra-dependencia-externa-em-africa\/#primaryimage"},"thumbnailUrl":"https:\/\/www.tvm.co.mz\/novosite\/wp-content\/uploads\/2019\/11\/Image_2019-11-19_at_12.34.42.jpeg","articleSection":["Mundo"],"inLanguage":"pt-PT"},{"@type":"WebPage","@id":"https:\/\/www.tvm.co.mz\/novosite\/2019\/11\/19\/ataf-10-anos-de-guerra-contra-dependencia-externa-em-africa\/","url":"https:\/\/www.tvm.co.mz\/novosite\/2019\/11\/19\/ataf-10-anos-de-guerra-contra-dependencia-externa-em-africa\/","name":"ATAF: 10 anos de guerra contra depend\u00eancia externa em \u00c1frica - TVM - Televis\u00e3o de Mo\u00e7ambique","isPartOf":{"@id":"https:\/\/www.tvm.co.mz\/novosite\/#website"},"primaryImageOfPage":{"@id":"https:\/\/www.tvm.co.mz\/novosite\/2019\/11\/19\/ataf-10-anos-de-guerra-contra-dependencia-externa-em-africa\/#primaryimage"},"image":{"@id":"https:\/\/www.tvm.co.mz\/novosite\/2019\/11\/19\/ataf-10-anos-de-guerra-contra-dependencia-externa-em-africa\/#primaryimage"},"thumbnailUrl":"https:\/\/www.tvm.co.mz\/novosite\/wp-content\/uploads\/2019\/11\/Image_2019-11-19_at_12.34.42.jpeg","datePublished":"2019-11-19T15:37:27+00:00","breadcrumb":{"@id":"https:\/\/www.tvm.co.mz\/novosite\/2019\/11\/19\/ataf-10-anos-de-guerra-contra-dependencia-externa-em-africa\/#breadcrumb"},"inLanguage":"pt-PT","potentialAction":[{"@type":"ReadAction","target":["https:\/\/www.tvm.co.mz\/novosite\/2019\/11\/19\/ataf-10-anos-de-guerra-contra-dependencia-externa-em-africa\/"]}]},{"@type":"ImageObject","inLanguage":"pt-PT","@id":"https:\/\/www.tvm.co.mz\/novosite\/2019\/11\/19\/ataf-10-anos-de-guerra-contra-dependencia-externa-em-africa\/#primaryimage","url":"https:\/\/www.tvm.co.mz\/novosite\/wp-content\/uploads\/2019\/11\/Image_2019-11-19_at_12.34.42.jpeg","contentUrl":"https:\/\/www.tvm.co.mz\/novosite\/wp-content\/uploads\/2019\/11\/Image_2019-11-19_at_12.34.42.jpeg","width":1024,"height":682,"caption":"Image 2019-11-19 at 12.34.42.jpeg"},{"@type":"BreadcrumbList","@id":"https:\/\/www.tvm.co.mz\/novosite\/2019\/11\/19\/ataf-10-anos-de-guerra-contra-dependencia-externa-em-africa\/#breadcrumb","itemListElement":[{"@type":"ListItem","position":1,"name":"In\u00edcio","item":"https:\/\/www.tvm.co.mz\/novosite\/"},{"@type":"ListItem","position":2,"name":"ATAF: 10 anos de guerra contra depend\u00eancia externa em \u00c1frica"}]},{"@type":"WebSite","@id":"https:\/\/www.tvm.co.mz\/novosite\/#website","url":"https:\/\/www.tvm.co.mz\/novosite\/","name":"TVM","description":"","publisher":{"@id":"https:\/\/www.tvm.co.mz\/novosite\/#organization"},"potentialAction":[{"@type":"SearchAction","target":{"@type":"EntryPoint","urlTemplate":"https:\/\/www.tvm.co.mz\/novosite\/?s={search_term_string}"},"query-input":{"@type":"PropertyValueSpecification","valueRequired":true,"valueName":"search_term_string"}}],"inLanguage":"pt-PT"},{"@type":"Organization","@id":"https:\/\/www.tvm.co.mz\/novosite\/#organization","name":"Televis\u00e3o de Mo\u00e7ambique","url":"https:\/\/www.tvm.co.mz\/novosite\/","logo":{"@type":"ImageObject","inLanguage":"pt-PT","@id":"https:\/\/www.tvm.co.mz\/novosite\/#\/schema\/logo\/image\/","url":"","contentUrl":"","caption":"Televis\u00e3o de Mo\u00e7ambique"},"image":{"@id":"https:\/\/www.tvm.co.mz\/novosite\/#\/schema\/logo\/image\/"},"sameAs":["https:\/\/www.facebook.com\/mocambique.tvm\/","https:\/\/www.instagram.com\/tvm.mocambique\/","https:\/\/www.youtube.com\/channel\/UCfRoEW08udEmsPSIt_YDK_w"]},{"@type":"Person","@id":"https:\/\/www.tvm.co.mz\/novosite\/#\/schema\/person\/4f8d2d8300c04d5b1fb83b3ddbddb72e","name":"Edson Sengo","image":{"@type":"ImageObject","inLanguage":"pt-PT","@id":"https:\/\/secure.gravatar.com\/avatar\/6aac98ee48f17f861bb858ab882ac2e1d90621fbbddd3eafdf0726c3feaf589e?s=96&d=mm&r=g","url":"https:\/\/secure.gravatar.com\/avatar\/6aac98ee48f17f861bb858ab882ac2e1d90621fbbddd3eafdf0726c3feaf589e?s=96&d=mm&r=g","contentUrl":"https:\/\/secure.gravatar.com\/avatar\/6aac98ee48f17f861bb858ab882ac2e1d90621fbbddd3eafdf0726c3feaf589e?s=96&d=mm&r=g","caption":"Edson Sengo"},"url":"https:\/\/www.tvm.co.mz\/novosite\/author\/esengo\/"}]}},"_links":{"self":[{"href":"https:\/\/www.tvm.co.mz\/novosite\/wp-json\/wp\/v2\/posts\/6063","targetHints":{"allow":["GET"]}}],"collection":[{"href":"https:\/\/www.tvm.co.mz\/novosite\/wp-json\/wp\/v2\/posts"}],"about":[{"href":"https:\/\/www.tvm.co.mz\/novosite\/wp-json\/wp\/v2\/types\/post"}],"author":[{"embeddable":true,"href":"https:\/\/www.tvm.co.mz\/novosite\/wp-json\/wp\/v2\/users\/3"}],"replies":[{"embeddable":true,"href":"https:\/\/www.tvm.co.mz\/novosite\/wp-json\/wp\/v2\/comments?post=6063"}],"version-history":[{"count":0,"href":"https:\/\/www.tvm.co.mz\/novosite\/wp-json\/wp\/v2\/posts\/6063\/revisions"}],"wp:featuredmedia":[{"embeddable":true,"href":"https:\/\/www.tvm.co.mz\/novosite\/wp-json\/wp\/v2\/media\/17030"}],"wp:attachment":[{"href":"https:\/\/www.tvm.co.mz\/novosite\/wp-json\/wp\/v2\/media?parent=6063"}],"wp:term":[{"taxonomy":"category","embeddable":true,"href":"https:\/\/www.tvm.co.mz\/novosite\/wp-json\/wp\/v2\/categories?post=6063"},{"taxonomy":"post_tag","embeddable":true,"href":"https:\/\/www.tvm.co.mz\/novosite\/wp-json\/wp\/v2\/tags?post=6063"}],"curies":[{"name":"wp","href":"https:\/\/api.w.org\/{rel}","templated":true}]}}