{"id":4020,"date":"2018-10-23T09:29:53","date_gmt":"2018-10-23T09:29:53","guid":{"rendered":"https:\/\/www.tvm.co.mz\/novosite\/2018\/10\/23\/bolsonaro-promete-limpar-o-brasil-dos-marginais-vermelhos\/"},"modified":"2018-10-23T09:29:53","modified_gmt":"2018-10-23T09:29:53","slug":"bolsonaro-promete-limpar-o-brasil-dos-marginais-vermelhos","status":"publish","type":"post","link":"https:\/\/www.tvm.co.mz\/novosite\/2018\/10\/23\/bolsonaro-promete-limpar-o-brasil-dos-marginais-vermelhos\/","title":{"rendered":"Bolsonaro promete &#8220;limpar&#8221; o Brasil dos &#8220;marginais vermelhos&#8221;"},"content":{"rendered":"<p><img decoding=\"async\" class=\"img-responsive\" src=\"https:\/\/static.noticiasaominuto.com\/stockimages\/1920\/25006237.jpg?1540279602\" alt=\"Bolsonaro promete &quot;limpar&quot; o Brasil dos &quot;marginais vermelhos&quot;\" \/><\/p>\n<p style=\"text-align: justify;\"><span style=\"font-size: 12pt;\">O candidato \u00e0 Presid\u00eancia do Brasil Jair Bolsonaro, fez afirma\u00e7\u00f5es incendi\u00e1rias sobre a esquerda, a alguns dias de uma vit\u00f3ria que parece adquirida, prometendo &#8220;limpar&#8221; o pa\u00eds dos &#8220;marginais vermelhos&#8221;.<\/span><br \/><span style=\"font-size: 12pt;\">Grande favorito na segunda volta das presidenciais, no domingo, o candidato de extrema-direita garantiu que o ex-presidente Luiz In\u00e1cio Lula da Silva ia &#8220;apodrecer na pris\u00e3o&#8221;.<\/span><\/p>\n<p style=\"text-align: justify;\"><span style=\"font-size: 12pt;\">Estas afirma\u00e7\u00f5es, no domingo, vieram coroar uma campanha marcada por numerosos epis\u00f3dios de viol\u00eancia, designadamente agress\u00f5es contra jornalistas, homossexuais e militantes anti-Bolsonaro.<\/span><\/p>\n<p style=\"text-align: justify;\"><span style=\"font-size: 12pt;\">O ex-capit\u00e3o do Ex\u00e9rcito atacou a esquerda, ao dirigir-se a apoiantes que se manifestavam em S\u00e3o Paulo, atrav\u00e9s de uma mensagem em v\u00eddeo, que foi transmitida em direto a partir da sua casa no Rio de Janeiro.<\/span><\/p>\n<p style=\"text-align: justify;\"><span style=\"font-size: 12pt;\">Nesta ocasi\u00e3o, falou em &#8220;limpeza em profundidade&#8221;, n\u00e3o deixando aos seus opositores de esquerda outra escolha al\u00e9m do ex\u00edlio ou da pris\u00e3o.<\/span><\/p>\n<p style=\"text-align: justify;\"><span style=\"font-size: 12pt;\">&#8220;Se esse grupo quiser continuar c\u00e1, vai ter de se submeter \u00e0 lei, como todos os outros. Ou saem [do pa\u00eds] ou v\u00e3o para a pris\u00e3o. Esses marginais vermelhos v\u00e3o ser proibidos [de ficarem] na nossa p\u00e1tria&#8221;, declarou.<\/span><\/p>\n<p style=\"text-align: justify;\"><span style=\"font-size: 12pt;\">Maur\u00edcio Santoro, professor de Ci\u00eancia Pol\u00edtica na Universidade do Estado do Rio de Janeiro (Uerj), inquieta-se com a dimens\u00e3o do termo &#8216;vermelhos&#8217;.<\/span><\/p>\n<p style=\"text-align: justify;\"><span style=\"font-size: 12pt;\">&#8220;Quem s\u00e3o estes vermelhos? Os que n\u00e3o est\u00e3o de acordo com ele? Todas as pessoas de esquerda, todos os progressistas? \u00c9 um discurso de incitamento ao \u00f3dio por parte de uma corrente pol\u00edtica&#8221;, acentuou.<\/span><\/p>\n<p style=\"text-align: justify;\"><span style=\"font-size: 12pt;\">Bolsonaro sempre utilizou um tom agressivo para se referir aos seus advers\u00e1rios pol\u00edticos, mas baixou ligeiramente o tom depois de se apurar para a segunda volta das elei\u00e7\u00f5es presidenciais, em 7 de outubro.<\/span><\/p>\n<p style=\"text-align: justify;\"><span style=\"font-size: 12pt;\">Esta agressividade acrescida \u00e9 atribu\u00edda \u00e0 vantagem que as sondagens lhe d\u00e3o, ao credit\u00e1-lo com 59% das inten\u00e7\u00f5es de voto atualmente.<\/span><\/p>\n<p style=\"text-align: justify;\"><span style=\"font-size: 12pt;\">&#8220;\u00c9 justamente esta vantagem que explica este tom agressivo. Ele quer utilizar a sua popularidade para fazer passar um programa extremista. Depois de ter sido ridicularizado pela esquerda durante cerca de 30 anos, ele pode agora contra-atacar&#8221;, sublinhou Santoro.<\/span><\/p>\n<p style=\"text-align: justify;\"><span style=\"font-size: 12pt;\">O seu alvo predileto \u00e9 Lula, que cumpre desde abril uma pena de 12 anos e seis meses de pris\u00e3o, por corrup\u00e7\u00e3o, tendo sido substitu\u00eddo na corrida presidencial por Fernando Haddad (Partido dos Trabalhadores), ap\u00f3s ter sido declarado ineleg\u00edvel.<\/span><\/p>\n<p style=\"text-align: justify;\"><span style=\"font-size: 12pt;\">&#8220;Senhor Lula da Silva, se voc\u00ea espera que Haddad se torne presidente para o perdoar, vou dizer-lhe uma coisa, voc\u00ea vai apodrecer na pris\u00e3o&#8221;, declarou, na mensagem v\u00eddeo.<\/span><\/p>\n<p style=\"text-align: justify;\"><span style=\"font-size: 12pt;\">&#8220;Ali\u00e1s, Haddad vai tamb\u00e9m [para a pris\u00e3o]. N\u00e3o para lhe fazer uma visita, mas para ficar alguns anos consigo (&#8230;). Como gosta tanto dele, voc\u00eas v\u00e3o apodrecer os dois na pris\u00e3o&#8221;, acrescentou Bolsonaro.<\/span><\/p>\n<p style=\"text-align: justify;\"><span style=\"font-size: 12pt;\">Para Andr\u00e9 C\u00e9sar, analista do gabinete de consultoria Hold, estas afirma\u00e7\u00f5es fazem parte do &#8220;&#8216;kit&#8217; habitual&#8221; de Bolsonaro e n\u00e3o devem ter impacto nas inten\u00e7\u00f5es de voto.<\/span><\/p>\n<p style=\"text-align: justify;\"><span style=\"font-size: 12pt;\">&#8220;Isto n\u00e3o muda nada. As posi\u00e7\u00f5es est\u00e3o definidas, tanto de um lado como do outro. Mesmo que aconte\u00e7a alguma coisa de grave, isso n\u00e3o iria mudar um resultado que parece definido&#8221;, disse.<\/span><\/p>\n<p style=\"text-align: justify;\"><span style=\"font-size: 12pt;\">Mesmo o esc\u00e2ndalo do alegado financiamento por empresas de distribui\u00e7\u00e3o massiva de mensagens anti-PT atrav\u00e9s da rede social WhatsApp n\u00e3o parece afetar o candidato da extrema-direita, uma situa\u00e7\u00e3o denunciada pelo jornal Folha de S. Paulo.<\/span><\/p>\n<p style=\"text-align: justify;\"><span style=\"font-size: 12pt;\">&#8220;N\u00f3s vamos ganhar esta guerra. Folha de S\u00e3o Paulo: voc\u00eas v\u00e3o deixar de ter direito ao man\u00e1 publicit\u00e1rio do governo. Somos pela liberdade de imprensa, mas com responsabilidade&#8221;, amea\u00e7ou Bolsonaro.<\/span><\/p>\n","protected":false},"excerpt":{"rendered":"<div class='heateorSssClear'><\/div><div  class='heateor_sss_sharing_container heateor_sss_horizontal_sharing' data-heateor-sss-href='https:\/\/www.tvm.co.mz\/novosite\/2018\/10\/23\/bolsonaro-promete-limpar-o-brasil-dos-marginais-vermelhos\/'><div class='heateor_sss_sharing_title' style=\"font-weight:bold\" >Partilhe<\/div><div class=\"heateor_sss_sharing_ul\"><a aria-label=\"Facebook\" class=\"heateor_sss_facebook\" href=\"https:\/\/www.facebook.com\/sharer\/sharer.php?u=https%3A%2F%2Fwww.tvm.co.mz%2Fnovosite%2F2018%2F10%2F23%2Fbolsonaro-promete-limpar-o-brasil-dos-marginais-vermelhos%2F\" title=\"Facebook\" rel=\"nofollow noopener\" target=\"_blank\" style=\"font-size:32px!important;box-shadow:none;display:inline-block;vertical-align:middle\"><span class=\"heateor_sss_svg\" style=\"background-color:#0765FE;width:26px;height:26px;border-radius:999px;display:inline-block;opacity:1;float:left;font-size:32px;box-shadow:none;display:inline-block;font-size:16px;padding:0 4px;vertical-align:middle;background-repeat:repeat;overflow:hidden;padding:0;cursor:pointer;box-sizing:content-box\"><svg style=\"display:block;border-radius:999px;\" focusable=\"false\" aria-hidden=\"true\" xmlns=\"http:\/\/www.w3.org\/2000\/svg\" width=\"100%\" height=\"100%\" viewBox=\"0 0 32 32\"><path fill=\"#fff\" d=\"M28 16c0-6.627-5.373-12-12-12S4 9.373 4 16c0 5.628 3.875 10.35 9.101 11.647v-7.98h-2.474V16H13.1v-1.58c0-4.085 1.849-5.978 5.859-5.978.76 0 2.072.15 2.608.298v3.325c-.283-.03-.775-.045-1.386-.045-1.967 0-2.728.745-2.728 2.683V16h3.92l-.673 3.667h-3.247v8.245C23.395 27.195 28 22.135 28 16Z\"><\/path><\/svg><\/span><\/a><a aria-label=\"X\" class=\"heateor_sss_button_x\" href=\"https:\/\/twitter.com\/intent\/tweet?text=Bolsonaro%20promete%20%22limpar%22%20o%20Brasil%20dos%20%22marginais%20vermelhos%22&url=https%3A%2F%2Fwww.tvm.co.mz%2Fnovosite%2F2018%2F10%2F23%2Fbolsonaro-promete-limpar-o-brasil-dos-marginais-vermelhos%2F\" title=\"X\" rel=\"nofollow noopener\" target=\"_blank\" style=\"font-size:32px!important;box-shadow:none;display:inline-block;vertical-align:middle\"><span class=\"heateor_sss_svg heateor_sss_s__default heateor_sss_s_x\" style=\"background-color:#2a2a2a;width:26px;height:26px;border-radius:999px;display:inline-block;opacity:1;float:left;font-size:32px;box-shadow:none;display:inline-block;font-size:16px;padding:0 4px;vertical-align:middle;background-repeat:repeat;overflow:hidden;padding:0;cursor:pointer;box-sizing:content-box\"><svg width=\"100%\" height=\"100%\" style=\"display:block;border-radius:999px;\" focusable=\"false\" aria-hidden=\"true\" xmlns=\"http:\/\/www.w3.org\/2000\/svg\" viewBox=\"0 0 32 32\"><path fill=\"#fff\" d=\"M21.751 7h3.067l-6.7 7.658L26 25.078h-6.172l-4.833-6.32-5.531 6.32h-3.07l7.167-8.19L6 7h6.328l4.37 5.777L21.75 7Zm-1.076 16.242h1.7L11.404 8.74H9.58l11.094 14.503Z\"><\/path><\/svg><\/span><\/a><a aria-label=\"Reddit\" class=\"heateor_sss_button_reddit\" href=\"https:\/\/reddit.com\/submit?url=https%3A%2F%2Fwww.tvm.co.mz%2Fnovosite%2F2018%2F10%2F23%2Fbolsonaro-promete-limpar-o-brasil-dos-marginais-vermelhos%2F&title=Bolsonaro%20promete%20%22limpar%22%20o%20Brasil%20dos%20%22marginais%20vermelhos%22\" title=\"Reddit\" rel=\"nofollow noopener\" target=\"_blank\" style=\"font-size:32px!important;box-shadow:none;display:inline-block;vertical-align:middle\"><span class=\"heateor_sss_svg heateor_sss_s__default heateor_sss_s_reddit\" style=\"background-color:#ff5700;width:26px;height:26px;border-radius:999px;display:inline-block;opacity:1;float:left;font-size:32px;box-shadow:none;display:inline-block;font-size:16px;padding:0 4px;vertical-align:middle;background-repeat:repeat;overflow:hidden;padding:0;cursor:pointer;box-sizing:content-box\"><svg style=\"display:block;border-radius:999px;\" focusable=\"false\" aria-hidden=\"true\" xmlns=\"http:\/\/www.w3.org\/2000\/svg\" width=\"100%\" height=\"100%\" viewBox=\"-3.5 -3.5 39 39\"><path d=\"M28.543 15.774a2.953 2.953 0 0 0-2.951-2.949 2.882 2.882 0 0 0-1.9.713 14.075 14.075 0 0 0-6.85-2.044l1.38-4.349 3.768.884a2.452 2.452 0 1 0 .24-1.176l-4.274-1a.6.6 0 0 0-.709.4l-1.659 5.224a14.314 14.314 0 0 0-7.316 2.029 2.908 2.908 0 0 0-1.872-.681 2.942 2.942 0 0 0-1.618 5.4 5.109 5.109 0 0 0-.062.765c0 4.158 5.037 7.541 11.229 7.541s11.22-3.383 11.22-7.541a5.2 5.2 0 0 0-.053-.706 2.963 2.963 0 0 0 1.427-2.51zm-18.008 1.88a1.753 1.753 0 0 1 1.73-1.74 1.73 1.73 0 0 1 1.709 1.74 1.709 1.709 0 0 1-1.709 1.711 1.733 1.733 0 0 1-1.73-1.711zm9.565 4.968a5.573 5.573 0 0 1-4.081 1.272h-.032a5.576 5.576 0 0 1-4.087-1.272.6.6 0 0 1 .844-.854 4.5 4.5 0 0 0 3.238.927h.032a4.5 4.5 0 0 0 3.237-.927.6.6 0 1 1 .844.854zm-.331-3.256a1.726 1.726 0 1 1 1.709-1.712 1.717 1.717 0 0 1-1.712 1.712z\" fill=\"#fff\"\/><\/svg><\/span><\/a><a aria-label=\"Linkedin\" class=\"heateor_sss_button_linkedin\" href=\"https:\/\/www.linkedin.com\/sharing\/share-offsite\/?url=https%3A%2F%2Fwww.tvm.co.mz%2Fnovosite%2F2018%2F10%2F23%2Fbolsonaro-promete-limpar-o-brasil-dos-marginais-vermelhos%2F\" title=\"Linkedin\" rel=\"nofollow noopener\" target=\"_blank\" style=\"font-size:32px!important;box-shadow:none;display:inline-block;vertical-align:middle\"><span class=\"heateor_sss_svg heateor_sss_s__default heateor_sss_s_linkedin\" style=\"background-color:#0077b5;width:26px;height:26px;border-radius:999px;display:inline-block;opacity:1;float:left;font-size:32px;box-shadow:none;display:inline-block;font-size:16px;padding:0 4px;vertical-align:middle;background-repeat:repeat;overflow:hidden;padding:0;cursor:pointer;box-sizing:content-box\"><svg style=\"display:block;border-radius:999px;\" focusable=\"false\" aria-hidden=\"true\" xmlns=\"http:\/\/www.w3.org\/2000\/svg\" width=\"100%\" height=\"100%\" viewBox=\"0 0 32 32\"><path d=\"M6.227 12.61h4.19v13.48h-4.19V12.61zm2.095-6.7a2.43 2.43 0 0 1 0 4.86c-1.344 0-2.428-1.09-2.428-2.43s1.084-2.43 2.428-2.43m4.72 6.7h4.02v1.84h.058c.56-1.058 1.927-2.176 3.965-2.176 4.238 0 5.02 2.792 5.02 6.42v7.395h-4.183v-6.56c0-1.564-.03-3.574-2.178-3.574-2.18 0-2.514 1.7-2.514 3.46v6.668h-4.187V12.61z\" fill=\"#fff\"><\/path><\/svg><\/span><\/a><a aria-label=\"Pinterest\" class=\"heateor_sss_button_pinterest\" href=\"https:\/\/www.tvm.co.mz\/novosite\/2018\/10\/23\/bolsonaro-promete-limpar-o-brasil-dos-marginais-vermelhos\/\" onclick=\"event.preventDefault();javascript:void( (function() {var e=document.createElement('script' );e.setAttribute('type','text\/javascript' );e.setAttribute('charset','UTF-8' );e.setAttribute('src','\/\/assets.pinterest.com\/js\/pinmarklet.js?r='+Math.random()*99999999);document.body.appendChild(e)})());\" title=\"Pinterest\" rel=\"noopener\" style=\"font-size:32px!important;box-shadow:none;display:inline-block;vertical-align:middle\"><span class=\"heateor_sss_svg heateor_sss_s__default heateor_sss_s_pinterest\" style=\"background-color:#cc2329;width:26px;height:26px;border-radius:999px;display:inline-block;opacity:1;float:left;font-size:32px;box-shadow:none;display:inline-block;font-size:16px;padding:0 4px;vertical-align:middle;background-repeat:repeat;overflow:hidden;padding:0;cursor:pointer;box-sizing:content-box\"><svg style=\"display:block;border-radius:999px;\" focusable=\"false\" aria-hidden=\"true\" xmlns=\"http:\/\/www.w3.org\/2000\/svg\" width=\"100%\" height=\"100%\" viewBox=\"-2 -2 35 35\"><path fill=\"#fff\" d=\"M16.539 4.5c-6.277 0-9.442 4.5-9.442 8.253 0 2.272.86 4.293 2.705 5.046.303.125.574.005.662-.33.061-.231.205-.816.27-1.06.088-.331.053-.447-.191-.736-.532-.627-.873-1.439-.873-2.591 0-3.338 2.498-6.327 6.505-6.327 3.548 0 5.497 2.168 5.497 5.062 0 3.81-1.686 7.025-4.188 7.025-1.382 0-2.416-1.142-2.085-2.545.397-1.674 1.166-3.48 1.166-4.689 0-1.081-.581-1.983-1.782-1.983-1.413 0-2.548 1.462-2.548 3.419 0 1.247.421 2.091.421 2.091l-1.699 7.199c-.505 2.137-.076 4.755-.039 5.019.021.158.223.196.314.077.13-.17 1.813-2.247 2.384-4.324.162-.587.929-3.631.929-3.631.46.876 1.801 1.646 3.227 1.646 4.247 0 7.128-3.871 7.128-9.053.003-3.918-3.317-7.568-8.361-7.568z\"\/><\/svg><\/span><\/a><a aria-label=\"Mastodon\" class=\"heateor_sss_button_mastodon\" href=\"https:\/\/mastodon.social\/share?text=https%3A%2F%2Fwww.tvm.co.mz%2Fnovosite%2F2018%2F10%2F23%2Fbolsonaro-promete-limpar-o-brasil-dos-marginais-vermelhos%2F&title=Bolsonaro%20promete%20%22limpar%22%20o%20Brasil%20dos%20%22marginais%20vermelhos%22\" title=\"Mastodon\" rel=\"nofollow noopener\" target=\"_blank\" style=\"font-size:32px!important;box-shadow:none;display:inline-block;vertical-align:middle\"><span class=\"heateor_sss_svg heateor_sss_s__default heateor_sss_s_mastodon\" style=\"background-color:#6364FF;width:26px;height:26px;border-radius:999px;display:inline-block;opacity:1;float:left;font-size:32px;box-shadow:none;display:inline-block;font-size:16px;padding:0 4px;vertical-align:middle;background-repeat:repeat;overflow:hidden;padding:0;cursor:pointer;box-sizing:content-box\"><svg style=\"display:block;border-radius:999px;\" focusable=\"false\" aria-hidden=\"true\" xmlns=\"http:\/\/www.w3.org\/2000\/svg\" width=\"100%\" height=\"100%\" viewBox=\"-3.5 -3.5 39 39\"><path d=\"M27 12c0-5.12-3.35-6.62-3.35-6.62C22 4.56 19.05 4.23 16 4.21c-3 0-5.92.35-7.61 1.12C8.36 5.33 5 6.83 5 12v4c.12 5 .92 9.93 5.54 11.16a17.67 17.67 0 005.44.6 10.88 10.88 0 004.18-.95l-.09-1.95a13.36 13.36 0 01-4.07.54c-2.12-.07-4.37-.23-4.71-2.84a5.58 5.58 0 01-.05-.73 27.46 27.46 0 004.73.63 26.76 26.76 0 004.68-.28c3-.35 5.53-2.17 5.85-3.83A39.25 39.25 0 0027 12zm-3.95 6.59h-2.46v-6c0-1.27-.53-1.91-1.6-1.91s-1.77.76-1.77 2.27v3.29h-2.44v-3.35c0-1.51-.59-2.27-1.77-2.27s-1.6.64-1.6 1.91v6H9v-6.18a4.49 4.49 0 011-3 3.39 3.39 0 012.63-1.12 3.17 3.17 0 012.84 1.44l.61 1 .61-1a3.17 3.17 0 012.84-1.44 3.39 3.39 0 012.63 1.12 4.49 4.49 0 011 3z\" fill=\"#fff\"><\/path><\/svg><\/span><\/a><a aria-label=\"Mix\" class=\"heateor_sss_button_mix\" href=\"https:\/\/mix.com\/mixit?url=https%3A%2F%2Fwww.tvm.co.mz%2Fnovosite%2F2018%2F10%2F23%2Fbolsonaro-promete-limpar-o-brasil-dos-marginais-vermelhos%2F\" title=\"Mix\" rel=\"nofollow noopener\" target=\"_blank\" style=\"font-size:32px!important;box-shadow:none;display:inline-block;vertical-align:middle\"><span class=\"heateor_sss_svg heateor_sss_s__default heateor_sss_s_mix\" style=\"background-color:#ff8226;width:26px;height:26px;border-radius:999px;display:inline-block;opacity:1;float:left;font-size:32px;box-shadow:none;display:inline-block;font-size:16px;padding:0 4px;vertical-align:middle;background-repeat:repeat;overflow:hidden;padding:0;cursor:pointer;box-sizing:content-box\"><svg focusable=\"false\" aria-hidden=\"true\" xmlns=\"http:\/\/www.w3.org\/2000\/svg\" width=\"100%\" height=\"100%\" viewBox=\"-7 -8 45 45\"><g fill=\"#fff\"><path opacity=\".8\" d=\"M27.87 4.125c-5.224 0-9.467 4.159-9.467 9.291v2.89c0-1.306 1.074-2.362 2.399-2.362s2.399 1.056 2.399 2.362v1.204c0 1.306 1.074 2.362 2.399 2.362s2.399-1.056 2.399-2.362V4.134c-.036-.009-.082-.009-.129-.009\"\/><path d=\"M4 4.125v12.94c2.566 0 4.668-1.973 4.807-4.465v-2.214c0-.065 0-.12.009-.176.093-1.213 1.13-2.177 2.39-2.177 1.325 0 2.399 1.056 2.399 2.362v9.226c0 1.306 1.074 2.353 2.399 2.353s2.399-1.056 2.399-2.353v-6.206c0-5.132 4.233-9.291 9.467-9.291H4z\"\/><path opacity=\".8\" d=\"M4 17.074v8.438c0 1.306 1.074 2.362 2.399 2.362s2.399-1.056 2.399-2.362V12.61C8.659 15.102 6.566 17.074 4 17.074\"\/><\/g><\/svg><\/span><\/a><a aria-label=\"Whatsapp\" class=\"heateor_sss_whatsapp\" href=\"https:\/\/api.whatsapp.com\/send?text=Bolsonaro%20promete%20%22limpar%22%20o%20Brasil%20dos%20%22marginais%20vermelhos%22%20https%3A%2F%2Fwww.tvm.co.mz%2Fnovosite%2F2018%2F10%2F23%2Fbolsonaro-promete-limpar-o-brasil-dos-marginais-vermelhos%2F\" title=\"Whatsapp\" rel=\"nofollow noopener\" target=\"_blank\" style=\"font-size:32px!important;box-shadow:none;display:inline-block;vertical-align:middle\"><span class=\"heateor_sss_svg\" style=\"background-color:#55eb4c;width:26px;height:26px;border-radius:999px;display:inline-block;opacity:1;float:left;font-size:32px;box-shadow:none;display:inline-block;font-size:16px;padding:0 4px;vertical-align:middle;background-repeat:repeat;overflow:hidden;padding:0;cursor:pointer;box-sizing:content-box\"><svg style=\"display:block;border-radius:999px;\" focusable=\"false\" aria-hidden=\"true\" xmlns=\"http:\/\/www.w3.org\/2000\/svg\" width=\"100%\" height=\"100%\" viewBox=\"-6 -5 40 40\"><path class=\"heateor_sss_svg_stroke heateor_sss_no_fill\" stroke=\"#fff\" stroke-width=\"2\" fill=\"none\" d=\"M 11.579798566743314 24.396926207859085 A 10 10 0 1 0 6.808479557110079 20.73576436351046\"><\/path><path d=\"M 7 19 l -1 6 l 6 -1\" class=\"heateor_sss_no_fill heateor_sss_svg_stroke\" stroke=\"#fff\" stroke-width=\"2\" fill=\"none\"><\/path><path d=\"M 10 10 q -1 8 8 11 c 5 -1 0 -6 -1 -3 q -4 -3 -5 -5 c 4 -2 -1 -5 -1 -4\" fill=\"#fff\"><\/path><\/svg><\/span><\/a><a class=\"heateor_sss_more\" aria-label=\"More\" title=\"More\" rel=\"nofollow noopener\" style=\"font-size: 32px!important;border:0;box-shadow:none;display:inline-block!important;font-size:16px;padding:0 4px;vertical-align: middle;display:inline;\" href=\"https:\/\/www.tvm.co.mz\/novosite\/2018\/10\/23\/bolsonaro-promete-limpar-o-brasil-dos-marginais-vermelhos\/\" onclick=\"event.preventDefault()\"><span class=\"heateor_sss_svg\" style=\"background-color:#ee8e2d;width:26px;height:26px;border-radius:999px;display:inline-block!important;opacity:1;float:left;font-size:32px!important;box-shadow:none;display:inline-block;font-size:16px;padding:0 4px;vertical-align:middle;display:inline;background-repeat:repeat;overflow:hidden;padding:0;cursor:pointer;box-sizing:content-box;\" onclick=\"heateorSssMoreSharingPopup(this, 'https:\/\/www.tvm.co.mz\/novosite\/2018\/10\/23\/bolsonaro-promete-limpar-o-brasil-dos-marginais-vermelhos\/', 'Bolsonaro%20promete%20%22limpar%22%20o%20Brasil%20dos%20%22marginais%20vermelhos%22', '' )\"><svg xmlns=\"http:\/\/www.w3.org\/2000\/svg\" xmlns:xlink=\"http:\/\/www.w3.org\/1999\/xlink\" viewBox=\"-.3 0 32 32\" version=\"1.1\" width=\"100%\" height=\"100%\" style=\"display:block;border-radius:999px;\" xml:space=\"preserve\"><g><path fill=\"#fff\" d=\"M18 14V8h-4v6H8v4h6v6h4v-6h6v-4h-6z\" fill-rule=\"evenodd\"><\/path><\/g><\/svg><\/span><\/a><\/div><div class=\"heateorSssClear\"><\/div><\/div><div class='heateorSssClear'><\/div><br\/><p>O candidato \u00e0 Presid\u00eancia do Brasil Jair Bolsonaro, fez afirma\u00e7\u00f5es incendi\u00e1rias sobre a esquerda, a alguns dias de uma vit\u00f3ria que parece adquirida, prometendo &#8220;limpar&#8221; o pa\u00eds dos &#8220;marginais vermelhos&#8221;.Grande favorito na segunda volta das presidenciais, no domingo, o candidato de extrema-direita garantiu que o ex-presidente Luiz In\u00e1cio Lula da Silva ia &#8220;apodrecer na pris\u00e3o&#8221;. Estas afirma\u00e7\u00f5es, no domingo, vieram coroar uma campanha marcada por numerosos epis\u00f3dios de viol\u00eancia, designadamente agress\u00f5es contra jornalistas, homossexuais e militantes anti-Bolsonaro. O ex-capit\u00e3o do Ex\u00e9rcito atacou a esquerda, ao dirigir-se a apoiantes que se manifestavam em S\u00e3o Paulo, atrav\u00e9s de uma mensagem em v\u00eddeo, que foi transmitida em direto a partir da sua casa no Rio de Janeiro. Nesta ocasi\u00e3o, falou em &#8220;limpeza em profundidade&#8221;, n\u00e3o deixando aos seus opositores de esquerda outra escolha al\u00e9m do ex\u00edlio ou da pris\u00e3o. &#8220;Se esse grupo quiser continuar c\u00e1, vai ter de se submeter \u00e0 lei, como todos os outros. Ou saem [do pa\u00eds] ou v\u00e3o para a pris\u00e3o. Esses marginais vermelhos v\u00e3o ser proibidos [de ficarem] na nossa p\u00e1tria&#8221;, declarou. Maur\u00edcio Santoro, professor de Ci\u00eancia Pol\u00edtica na Universidade do Estado do Rio de Janeiro (Uerj), inquieta-se com a dimens\u00e3o do termo &#8216;vermelhos&#8217;. &#8220;Quem s\u00e3o estes vermelhos? Os que n\u00e3o est\u00e3o de acordo com ele? Todas as pessoas de esquerda, todos os progressistas? \u00c9 um discurso de incitamento ao \u00f3dio por parte de uma corrente pol\u00edtica&#8221;, acentuou. Bolsonaro sempre utilizou um tom agressivo para se referir aos seus advers\u00e1rios pol\u00edticos, mas baixou ligeiramente o tom depois de se apurar para a segunda volta das elei\u00e7\u00f5es presidenciais, em 7 de outubro. Esta agressividade acrescida \u00e9 atribu\u00edda \u00e0 vantagem que as sondagens lhe d\u00e3o, ao credit\u00e1-lo com 59% das inten\u00e7\u00f5es de voto atualmente. &#8220;\u00c9 justamente esta vantagem que explica este tom agressivo. Ele quer utilizar a sua popularidade para fazer passar um programa extremista. Depois de ter sido ridicularizado pela esquerda durante cerca de 30 anos, ele pode agora contra-atacar&#8221;, sublinhou Santoro. O seu alvo predileto \u00e9 Lula, que cumpre desde abril uma pena de 12 anos e seis meses de pris\u00e3o, por corrup\u00e7\u00e3o, tendo sido substitu\u00eddo na corrida presidencial por Fernando Haddad (Partido dos Trabalhadores), ap\u00f3s ter sido declarado ineleg\u00edvel. &#8220;Senhor Lula da Silva, se voc\u00ea espera que Haddad se torne presidente para o perdoar, vou dizer-lhe uma coisa, voc\u00ea vai apodrecer na pris\u00e3o&#8221;, declarou, na mensagem v\u00eddeo. &#8220;Ali\u00e1s, Haddad vai tamb\u00e9m [para a pris\u00e3o]. N\u00e3o para lhe fazer uma visita, mas para ficar alguns anos consigo (&#8230;). Como gosta tanto dele, voc\u00eas v\u00e3o apodrecer os dois na pris\u00e3o&#8221;, acrescentou Bolsonaro. Para Andr\u00e9 C\u00e9sar, analista do gabinete de consultoria Hold, estas afirma\u00e7\u00f5es fazem parte do &#8220;&#8216;kit&#8217; habitual&#8221; de Bolsonaro e n\u00e3o devem ter impacto nas inten\u00e7\u00f5es de voto. &#8220;Isto n\u00e3o muda nada. As posi\u00e7\u00f5es est\u00e3o definidas, tanto de um lado como do outro. Mesmo que aconte\u00e7a alguma coisa de grave, isso n\u00e3o iria mudar um resultado que parece definido&#8221;, disse. Mesmo o esc\u00e2ndalo do alegado financiamento por empresas de distribui\u00e7\u00e3o massiva de mensagens anti-PT atrav\u00e9s da rede social WhatsApp n\u00e3o parece afetar o candidato da extrema-direita, uma situa\u00e7\u00e3o denunciada pelo jornal Folha de S. Paulo. &#8220;N\u00f3s vamos ganhar esta guerra. Folha de S\u00e3o Paulo: voc\u00eas v\u00e3o deixar de ter direito ao man\u00e1 publicit\u00e1rio do governo. Somos pela liberdade de imprensa, mas com responsabilidade&#8221;, amea\u00e7ou Bolsonaro.<\/p>\n<br\/><div class='heateorSssClear'><\/div><div  class='heateor_sss_sharing_container heateor_sss_horizontal_sharing' data-heateor-sss-href='https:\/\/www.tvm.co.mz\/novosite\/2018\/10\/23\/bolsonaro-promete-limpar-o-brasil-dos-marginais-vermelhos\/'><div class='heateor_sss_sharing_title' style=\"font-weight:bold\" >Partilhe<\/div><div class=\"heateor_sss_sharing_ul\"><a aria-label=\"Facebook\" class=\"heateor_sss_facebook\" href=\"https:\/\/www.facebook.com\/sharer\/sharer.php?u=https%3A%2F%2Fwww.tvm.co.mz%2Fnovosite%2F2018%2F10%2F23%2Fbolsonaro-promete-limpar-o-brasil-dos-marginais-vermelhos%2F\" title=\"Facebook\" rel=\"nofollow noopener\" target=\"_blank\" style=\"font-size:32px!important;box-shadow:none;display:inline-block;vertical-align:middle\"><span class=\"heateor_sss_svg\" style=\"background-color:#0765FE;width:26px;height:26px;border-radius:999px;display:inline-block;opacity:1;float:left;font-size:32px;box-shadow:none;display:inline-block;font-size:16px;padding:0 4px;vertical-align:middle;background-repeat:repeat;overflow:hidden;padding:0;cursor:pointer;box-sizing:content-box\"><svg style=\"display:block;border-radius:999px;\" focusable=\"false\" aria-hidden=\"true\" xmlns=\"http:\/\/www.w3.org\/2000\/svg\" width=\"100%\" height=\"100%\" viewBox=\"0 0 32 32\"><path fill=\"#fff\" d=\"M28 16c0-6.627-5.373-12-12-12S4 9.373 4 16c0 5.628 3.875 10.35 9.101 11.647v-7.98h-2.474V16H13.1v-1.58c0-4.085 1.849-5.978 5.859-5.978.76 0 2.072.15 2.608.298v3.325c-.283-.03-.775-.045-1.386-.045-1.967 0-2.728.745-2.728 2.683V16h3.92l-.673 3.667h-3.247v8.245C23.395 27.195 28 22.135 28 16Z\"><\/path><\/svg><\/span><\/a><a aria-label=\"X\" class=\"heateor_sss_button_x\" href=\"https:\/\/twitter.com\/intent\/tweet?text=Bolsonaro%20promete%20%22limpar%22%20o%20Brasil%20dos%20%22marginais%20vermelhos%22&url=https%3A%2F%2Fwww.tvm.co.mz%2Fnovosite%2F2018%2F10%2F23%2Fbolsonaro-promete-limpar-o-brasil-dos-marginais-vermelhos%2F\" title=\"X\" rel=\"nofollow noopener\" target=\"_blank\" style=\"font-size:32px!important;box-shadow:none;display:inline-block;vertical-align:middle\"><span class=\"heateor_sss_svg heateor_sss_s__default heateor_sss_s_x\" style=\"background-color:#2a2a2a;width:26px;height:26px;border-radius:999px;display:inline-block;opacity:1;float:left;font-size:32px;box-shadow:none;display:inline-block;font-size:16px;padding:0 4px;vertical-align:middle;background-repeat:repeat;overflow:hidden;padding:0;cursor:pointer;box-sizing:content-box\"><svg width=\"100%\" height=\"100%\" style=\"display:block;border-radius:999px;\" focusable=\"false\" aria-hidden=\"true\" xmlns=\"http:\/\/www.w3.org\/2000\/svg\" viewBox=\"0 0 32 32\"><path fill=\"#fff\" d=\"M21.751 7h3.067l-6.7 7.658L26 25.078h-6.172l-4.833-6.32-5.531 6.32h-3.07l7.167-8.19L6 7h6.328l4.37 5.777L21.75 7Zm-1.076 16.242h1.7L11.404 8.74H9.58l11.094 14.503Z\"><\/path><\/svg><\/span><\/a><a aria-label=\"Reddit\" class=\"heateor_sss_button_reddit\" href=\"https:\/\/reddit.com\/submit?url=https%3A%2F%2Fwww.tvm.co.mz%2Fnovosite%2F2018%2F10%2F23%2Fbolsonaro-promete-limpar-o-brasil-dos-marginais-vermelhos%2F&title=Bolsonaro%20promete%20%22limpar%22%20o%20Brasil%20dos%20%22marginais%20vermelhos%22\" title=\"Reddit\" rel=\"nofollow noopener\" target=\"_blank\" style=\"font-size:32px!important;box-shadow:none;display:inline-block;vertical-align:middle\"><span class=\"heateor_sss_svg heateor_sss_s__default heateor_sss_s_reddit\" style=\"background-color:#ff5700;width:26px;height:26px;border-radius:999px;display:inline-block;opacity:1;float:left;font-size:32px;box-shadow:none;display:inline-block;font-size:16px;padding:0 4px;vertical-align:middle;background-repeat:repeat;overflow:hidden;padding:0;cursor:pointer;box-sizing:content-box\"><svg style=\"display:block;border-radius:999px;\" focusable=\"false\" aria-hidden=\"true\" xmlns=\"http:\/\/www.w3.org\/2000\/svg\" width=\"100%\" height=\"100%\" viewBox=\"-3.5 -3.5 39 39\"><path d=\"M28.543 15.774a2.953 2.953 0 0 0-2.951-2.949 2.882 2.882 0 0 0-1.9.713 14.075 14.075 0 0 0-6.85-2.044l1.38-4.349 3.768.884a2.452 2.452 0 1 0 .24-1.176l-4.274-1a.6.6 0 0 0-.709.4l-1.659 5.224a14.314 14.314 0 0 0-7.316 2.029 2.908 2.908 0 0 0-1.872-.681 2.942 2.942 0 0 0-1.618 5.4 5.109 5.109 0 0 0-.062.765c0 4.158 5.037 7.541 11.229 7.541s11.22-3.383 11.22-7.541a5.2 5.2 0 0 0-.053-.706 2.963 2.963 0 0 0 1.427-2.51zm-18.008 1.88a1.753 1.753 0 0 1 1.73-1.74 1.73 1.73 0 0 1 1.709 1.74 1.709 1.709 0 0 1-1.709 1.711 1.733 1.733 0 0 1-1.73-1.711zm9.565 4.968a5.573 5.573 0 0 1-4.081 1.272h-.032a5.576 5.576 0 0 1-4.087-1.272.6.6 0 0 1 .844-.854 4.5 4.5 0 0 0 3.238.927h.032a4.5 4.5 0 0 0 3.237-.927.6.6 0 1 1 .844.854zm-.331-3.256a1.726 1.726 0 1 1 1.709-1.712 1.717 1.717 0 0 1-1.712 1.712z\" fill=\"#fff\"\/><\/svg><\/span><\/a><a aria-label=\"Linkedin\" class=\"heateor_sss_button_linkedin\" href=\"https:\/\/www.linkedin.com\/sharing\/share-offsite\/?url=https%3A%2F%2Fwww.tvm.co.mz%2Fnovosite%2F2018%2F10%2F23%2Fbolsonaro-promete-limpar-o-brasil-dos-marginais-vermelhos%2F\" title=\"Linkedin\" rel=\"nofollow noopener\" target=\"_blank\" style=\"font-size:32px!important;box-shadow:none;display:inline-block;vertical-align:middle\"><span class=\"heateor_sss_svg heateor_sss_s__default heateor_sss_s_linkedin\" style=\"background-color:#0077b5;width:26px;height:26px;border-radius:999px;display:inline-block;opacity:1;float:left;font-size:32px;box-shadow:none;display:inline-block;font-size:16px;padding:0 4px;vertical-align:middle;background-repeat:repeat;overflow:hidden;padding:0;cursor:pointer;box-sizing:content-box\"><svg style=\"display:block;border-radius:999px;\" focusable=\"false\" aria-hidden=\"true\" xmlns=\"http:\/\/www.w3.org\/2000\/svg\" width=\"100%\" height=\"100%\" viewBox=\"0 0 32 32\"><path d=\"M6.227 12.61h4.19v13.48h-4.19V12.61zm2.095-6.7a2.43 2.43 0 0 1 0 4.86c-1.344 0-2.428-1.09-2.428-2.43s1.084-2.43 2.428-2.43m4.72 6.7h4.02v1.84h.058c.56-1.058 1.927-2.176 3.965-2.176 4.238 0 5.02 2.792 5.02 6.42v7.395h-4.183v-6.56c0-1.564-.03-3.574-2.178-3.574-2.18 0-2.514 1.7-2.514 3.46v6.668h-4.187V12.61z\" fill=\"#fff\"><\/path><\/svg><\/span><\/a><a aria-label=\"Pinterest\" class=\"heateor_sss_button_pinterest\" href=\"https:\/\/www.tvm.co.mz\/novosite\/2018\/10\/23\/bolsonaro-promete-limpar-o-brasil-dos-marginais-vermelhos\/\" onclick=\"event.preventDefault();javascript:void( (function() {var e=document.createElement('script' );e.setAttribute('type','text\/javascript' );e.setAttribute('charset','UTF-8' );e.setAttribute('src','\/\/assets.pinterest.com\/js\/pinmarklet.js?r='+Math.random()*99999999);document.body.appendChild(e)})());\" title=\"Pinterest\" rel=\"noopener\" style=\"font-size:32px!important;box-shadow:none;display:inline-block;vertical-align:middle\"><span class=\"heateor_sss_svg heateor_sss_s__default heateor_sss_s_pinterest\" style=\"background-color:#cc2329;width:26px;height:26px;border-radius:999px;display:inline-block;opacity:1;float:left;font-size:32px;box-shadow:none;display:inline-block;font-size:16px;padding:0 4px;vertical-align:middle;background-repeat:repeat;overflow:hidden;padding:0;cursor:pointer;box-sizing:content-box\"><svg style=\"display:block;border-radius:999px;\" focusable=\"false\" aria-hidden=\"true\" xmlns=\"http:\/\/www.w3.org\/2000\/svg\" width=\"100%\" height=\"100%\" viewBox=\"-2 -2 35 35\"><path fill=\"#fff\" d=\"M16.539 4.5c-6.277 0-9.442 4.5-9.442 8.253 0 2.272.86 4.293 2.705 5.046.303.125.574.005.662-.33.061-.231.205-.816.27-1.06.088-.331.053-.447-.191-.736-.532-.627-.873-1.439-.873-2.591 0-3.338 2.498-6.327 6.505-6.327 3.548 0 5.497 2.168 5.497 5.062 0 3.81-1.686 7.025-4.188 7.025-1.382 0-2.416-1.142-2.085-2.545.397-1.674 1.166-3.48 1.166-4.689 0-1.081-.581-1.983-1.782-1.983-1.413 0-2.548 1.462-2.548 3.419 0 1.247.421 2.091.421 2.091l-1.699 7.199c-.505 2.137-.076 4.755-.039 5.019.021.158.223.196.314.077.13-.17 1.813-2.247 2.384-4.324.162-.587.929-3.631.929-3.631.46.876 1.801 1.646 3.227 1.646 4.247 0 7.128-3.871 7.128-9.053.003-3.918-3.317-7.568-8.361-7.568z\"\/><\/svg><\/span><\/a><a aria-label=\"Mastodon\" class=\"heateor_sss_button_mastodon\" href=\"https:\/\/mastodon.social\/share?text=https%3A%2F%2Fwww.tvm.co.mz%2Fnovosite%2F2018%2F10%2F23%2Fbolsonaro-promete-limpar-o-brasil-dos-marginais-vermelhos%2F&title=Bolsonaro%20promete%20%22limpar%22%20o%20Brasil%20dos%20%22marginais%20vermelhos%22\" title=\"Mastodon\" rel=\"nofollow noopener\" target=\"_blank\" style=\"font-size:32px!important;box-shadow:none;display:inline-block;vertical-align:middle\"><span class=\"heateor_sss_svg heateor_sss_s__default heateor_sss_s_mastodon\" style=\"background-color:#6364FF;width:26px;height:26px;border-radius:999px;display:inline-block;opacity:1;float:left;font-size:32px;box-shadow:none;display:inline-block;font-size:16px;padding:0 4px;vertical-align:middle;background-repeat:repeat;overflow:hidden;padding:0;cursor:pointer;box-sizing:content-box\"><svg style=\"display:block;border-radius:999px;\" focusable=\"false\" aria-hidden=\"true\" xmlns=\"http:\/\/www.w3.org\/2000\/svg\" width=\"100%\" height=\"100%\" viewBox=\"-3.5 -3.5 39 39\"><path d=\"M27 12c0-5.12-3.35-6.62-3.35-6.62C22 4.56 19.05 4.23 16 4.21c-3 0-5.92.35-7.61 1.12C8.36 5.33 5 6.83 5 12v4c.12 5 .92 9.93 5.54 11.16a17.67 17.67 0 005.44.6 10.88 10.88 0 004.18-.95l-.09-1.95a13.36 13.36 0 01-4.07.54c-2.12-.07-4.37-.23-4.71-2.84a5.58 5.58 0 01-.05-.73 27.46 27.46 0 004.73.63 26.76 26.76 0 004.68-.28c3-.35 5.53-2.17 5.85-3.83A39.25 39.25 0 0027 12zm-3.95 6.59h-2.46v-6c0-1.27-.53-1.91-1.6-1.91s-1.77.76-1.77 2.27v3.29h-2.44v-3.35c0-1.51-.59-2.27-1.77-2.27s-1.6.64-1.6 1.91v6H9v-6.18a4.49 4.49 0 011-3 3.39 3.39 0 012.63-1.12 3.17 3.17 0 012.84 1.44l.61 1 .61-1a3.17 3.17 0 012.84-1.44 3.39 3.39 0 012.63 1.12 4.49 4.49 0 011 3z\" fill=\"#fff\"><\/path><\/svg><\/span><\/a><a aria-label=\"Mix\" class=\"heateor_sss_button_mix\" href=\"https:\/\/mix.com\/mixit?url=https%3A%2F%2Fwww.tvm.co.mz%2Fnovosite%2F2018%2F10%2F23%2Fbolsonaro-promete-limpar-o-brasil-dos-marginais-vermelhos%2F\" title=\"Mix\" rel=\"nofollow noopener\" target=\"_blank\" style=\"font-size:32px!important;box-shadow:none;display:inline-block;vertical-align:middle\"><span class=\"heateor_sss_svg heateor_sss_s__default heateor_sss_s_mix\" style=\"background-color:#ff8226;width:26px;height:26px;border-radius:999px;display:inline-block;opacity:1;float:left;font-size:32px;box-shadow:none;display:inline-block;font-size:16px;padding:0 4px;vertical-align:middle;background-repeat:repeat;overflow:hidden;padding:0;cursor:pointer;box-sizing:content-box\"><svg focusable=\"false\" aria-hidden=\"true\" xmlns=\"http:\/\/www.w3.org\/2000\/svg\" width=\"100%\" height=\"100%\" viewBox=\"-7 -8 45 45\"><g fill=\"#fff\"><path opacity=\".8\" d=\"M27.87 4.125c-5.224 0-9.467 4.159-9.467 9.291v2.89c0-1.306 1.074-2.362 2.399-2.362s2.399 1.056 2.399 2.362v1.204c0 1.306 1.074 2.362 2.399 2.362s2.399-1.056 2.399-2.362V4.134c-.036-.009-.082-.009-.129-.009\"\/><path d=\"M4 4.125v12.94c2.566 0 4.668-1.973 4.807-4.465v-2.214c0-.065 0-.12.009-.176.093-1.213 1.13-2.177 2.39-2.177 1.325 0 2.399 1.056 2.399 2.362v9.226c0 1.306 1.074 2.353 2.399 2.353s2.399-1.056 2.399-2.353v-6.206c0-5.132 4.233-9.291 9.467-9.291H4z\"\/><path opacity=\".8\" d=\"M4 17.074v8.438c0 1.306 1.074 2.362 2.399 2.362s2.399-1.056 2.399-2.362V12.61C8.659 15.102 6.566 17.074 4 17.074\"\/><\/g><\/svg><\/span><\/a><a aria-label=\"Whatsapp\" class=\"heateor_sss_whatsapp\" href=\"https:\/\/api.whatsapp.com\/send?text=Bolsonaro%20promete%20%22limpar%22%20o%20Brasil%20dos%20%22marginais%20vermelhos%22%20https%3A%2F%2Fwww.tvm.co.mz%2Fnovosite%2F2018%2F10%2F23%2Fbolsonaro-promete-limpar-o-brasil-dos-marginais-vermelhos%2F\" title=\"Whatsapp\" rel=\"nofollow noopener\" target=\"_blank\" style=\"font-size:32px!important;box-shadow:none;display:inline-block;vertical-align:middle\"><span class=\"heateor_sss_svg\" style=\"background-color:#55eb4c;width:26px;height:26px;border-radius:999px;display:inline-block;opacity:1;float:left;font-size:32px;box-shadow:none;display:inline-block;font-size:16px;padding:0 4px;vertical-align:middle;background-repeat:repeat;overflow:hidden;padding:0;cursor:pointer;box-sizing:content-box\"><svg style=\"display:block;border-radius:999px;\" focusable=\"false\" aria-hidden=\"true\" xmlns=\"http:\/\/www.w3.org\/2000\/svg\" width=\"100%\" height=\"100%\" viewBox=\"-6 -5 40 40\"><path class=\"heateor_sss_svg_stroke heateor_sss_no_fill\" stroke=\"#fff\" stroke-width=\"2\" fill=\"none\" d=\"M 11.579798566743314 24.396926207859085 A 10 10 0 1 0 6.808479557110079 20.73576436351046\"><\/path><path d=\"M 7 19 l -1 6 l 6 -1\" class=\"heateor_sss_no_fill heateor_sss_svg_stroke\" stroke=\"#fff\" stroke-width=\"2\" fill=\"none\"><\/path><path d=\"M 10 10 q -1 8 8 11 c 5 -1 0 -6 -1 -3 q -4 -3 -5 -5 c 4 -2 -1 -5 -1 -4\" fill=\"#fff\"><\/path><\/svg><\/span><\/a><a class=\"heateor_sss_more\" aria-label=\"More\" title=\"More\" rel=\"nofollow noopener\" style=\"font-size: 32px!important;border:0;box-shadow:none;display:inline-block!important;font-size:16px;padding:0 4px;vertical-align: middle;display:inline;\" href=\"https:\/\/www.tvm.co.mz\/novosite\/2018\/10\/23\/bolsonaro-promete-limpar-o-brasil-dos-marginais-vermelhos\/\" onclick=\"event.preventDefault()\"><span class=\"heateor_sss_svg\" style=\"background-color:#ee8e2d;width:26px;height:26px;border-radius:999px;display:inline-block!important;opacity:1;float:left;font-size:32px!important;box-shadow:none;display:inline-block;font-size:16px;padding:0 4px;vertical-align:middle;display:inline;background-repeat:repeat;overflow:hidden;padding:0;cursor:pointer;box-sizing:content-box;\" onclick=\"heateorSssMoreSharingPopup(this, 'https:\/\/www.tvm.co.mz\/novosite\/2018\/10\/23\/bolsonaro-promete-limpar-o-brasil-dos-marginais-vermelhos\/', 'Bolsonaro%20promete%20%22limpar%22%20o%20Brasil%20dos%20%22marginais%20vermelhos%22', '' )\"><svg xmlns=\"http:\/\/www.w3.org\/2000\/svg\" xmlns:xlink=\"http:\/\/www.w3.org\/1999\/xlink\" viewBox=\"-.3 0 32 32\" version=\"1.1\" width=\"100%\" height=\"100%\" style=\"display:block;border-radius:999px;\" xml:space=\"preserve\"><g><path fill=\"#fff\" d=\"M18 14V8h-4v6H8v4h6v6h4v-6h6v-4h-6z\" fill-rule=\"evenodd\"><\/path><\/g><\/svg><\/span><\/a><\/div><div class=\"heateorSssClear\"><\/div><\/div><div class='heateorSssClear'><\/div>","protected":false},"author":2,"featured_media":0,"comment_status":"open","ping_status":"open","sticky":false,"template":"","format":"standard","meta":{"site-sidebar-layout":"default","site-content-layout":"","ast-site-content-layout":"default","site-content-style":"default","site-sidebar-style":"default","ast-global-header-display":"","ast-banner-title-visibility":"","ast-main-header-display":"","ast-hfb-above-header-display":"","ast-hfb-below-header-display":"","ast-hfb-mobile-header-display":"","site-post-title":"","ast-breadcrumbs-content":"","ast-featured-img":"","footer-sml-layout":"","theme-transparent-header-meta":"","adv-header-id-meta":"","stick-header-meta":"","header-above-stick-meta":"","header-main-stick-meta":"","header-below-stick-meta":"","astra-migrate-meta-layouts":"default","ast-page-background-enabled":"default","ast-page-background-meta":{"desktop":{"background-color":"var(--ast-global-color-4)","background-image":"","background-repeat":"repeat","background-position":"center center","background-size":"auto","background-attachment":"scroll","background-type":"","background-media":"","overlay-type":"","overlay-color":"","overlay-opacity":"","overlay-gradient":""},"tablet":{"background-color":"","background-image":"","background-repeat":"repeat","background-position":"center center","background-size":"auto","background-attachment":"scroll","background-type":"","background-media":"","overlay-type":"","overlay-color":"","overlay-opacity":"","overlay-gradient":""},"mobile":{"background-color":"","background-image":"","background-repeat":"repeat","background-position":"center center","background-size":"auto","background-attachment":"scroll","background-type":"","background-media":"","overlay-type":"","overlay-color":"","overlay-opacity":"","overlay-gradient":""}},"ast-content-background-meta":{"desktop":{"background-color":"var(--ast-global-color-5)","background-image":"","background-repeat":"repeat","background-position":"center center","background-size":"auto","background-attachment":"scroll","background-type":"","background-media":"","overlay-type":"","overlay-color":"","overlay-opacity":"","overlay-gradient":""},"tablet":{"background-color":"var(--ast-global-color-5)","background-image":"","background-repeat":"repeat","background-position":"center center","background-size":"auto","background-attachment":"scroll","background-type":"","background-media":"","overlay-type":"","overlay-color":"","overlay-opacity":"","overlay-gradient":""},"mobile":{"background-color":"var(--ast-global-color-5)","background-image":"","background-repeat":"repeat","background-position":"center center","background-size":"auto","background-attachment":"scroll","background-type":"","background-media":"","overlay-type":"","overlay-color":"","overlay-opacity":"","overlay-gradient":""}},"footnotes":""},"categories":[10],"tags":[],"class_list":["post-4020","post","type-post","status-publish","format-standard","hentry","category-mundo"],"yoast_head":"<!-- This site is optimized with the Yoast SEO plugin v27.4 - https:\/\/yoast.com\/product\/yoast-seo-wordpress\/ -->\n<title>Bolsonaro promete &quot;limpar&quot; o Brasil dos &quot;marginais vermelhos&quot; - TVM - Televis\u00e3o de Mo\u00e7ambique<\/title>\n<meta name=\"robots\" content=\"index, follow, max-snippet:-1, max-image-preview:large, max-video-preview:-1\" \/>\n<link rel=\"canonical\" href=\"https:\/\/www.tvm.co.mz\/novosite\/2018\/10\/23\/bolsonaro-promete-limpar-o-brasil-dos-marginais-vermelhos\/\" \/>\n<meta property=\"og:locale\" content=\"pt_PT\" \/>\n<meta property=\"og:type\" content=\"article\" \/>\n<meta property=\"og:title\" content=\"Bolsonaro promete &quot;limpar&quot; o Brasil dos &quot;marginais vermelhos&quot; - TVM - Televis\u00e3o de Mo\u00e7ambique\" \/>\n<meta property=\"og:description\" content=\"O candidato \u00e0 Presid\u00eancia do Brasil Jair Bolsonaro, fez afirma\u00e7\u00f5es incendi\u00e1rias sobre a esquerda, a alguns dias de uma vit\u00f3ria que parece adquirida, prometendo &#8220;limpar&#8221; o pa\u00eds dos &#8220;marginais vermelhos&#8221;.Grande favorito na segunda volta das presidenciais, no domingo, o candidato de extrema-direita garantiu que o ex-presidente Luiz In\u00e1cio Lula da Silva ia &#8220;apodrecer na pris\u00e3o&#8221;. Estas afirma\u00e7\u00f5es, no domingo, vieram coroar uma campanha marcada por numerosos epis\u00f3dios de viol\u00eancia, designadamente agress\u00f5es contra jornalistas, homossexuais e militantes anti-Bolsonaro. O ex-capit\u00e3o do Ex\u00e9rcito atacou a esquerda, ao dirigir-se a apoiantes que se manifestavam em S\u00e3o Paulo, atrav\u00e9s de uma mensagem em v\u00eddeo, que foi transmitida em direto a partir da sua casa no Rio de Janeiro. Nesta ocasi\u00e3o, falou em &#8220;limpeza em profundidade&#8221;, n\u00e3o deixando aos seus opositores de esquerda outra escolha al\u00e9m do ex\u00edlio ou da pris\u00e3o. &#8220;Se esse grupo quiser continuar c\u00e1, vai ter de se submeter \u00e0 lei, como todos os outros. Ou saem [do pa\u00eds] ou v\u00e3o para a pris\u00e3o. Esses marginais vermelhos v\u00e3o ser proibidos [de ficarem] na nossa p\u00e1tria&#8221;, declarou. Maur\u00edcio Santoro, professor de Ci\u00eancia Pol\u00edtica na Universidade do Estado do Rio de Janeiro (Uerj), inquieta-se com a dimens\u00e3o do termo &#8216;vermelhos&#8217;. &#8220;Quem s\u00e3o estes vermelhos? Os que n\u00e3o est\u00e3o de acordo com ele? Todas as pessoas de esquerda, todos os progressistas? \u00c9 um discurso de incitamento ao \u00f3dio por parte de uma corrente pol\u00edtica&#8221;, acentuou. Bolsonaro sempre utilizou um tom agressivo para se referir aos seus advers\u00e1rios pol\u00edticos, mas baixou ligeiramente o tom depois de se apurar para a segunda volta das elei\u00e7\u00f5es presidenciais, em 7 de outubro. Esta agressividade acrescida \u00e9 atribu\u00edda \u00e0 vantagem que as sondagens lhe d\u00e3o, ao credit\u00e1-lo com 59% das inten\u00e7\u00f5es de voto atualmente. &#8220;\u00c9 justamente esta vantagem que explica este tom agressivo. Ele quer utilizar a sua popularidade para fazer passar um programa extremista. Depois de ter sido ridicularizado pela esquerda durante cerca de 30 anos, ele pode agora contra-atacar&#8221;, sublinhou Santoro. O seu alvo predileto \u00e9 Lula, que cumpre desde abril uma pena de 12 anos e seis meses de pris\u00e3o, por corrup\u00e7\u00e3o, tendo sido substitu\u00eddo na corrida presidencial por Fernando Haddad (Partido dos Trabalhadores), ap\u00f3s ter sido declarado ineleg\u00edvel. &#8220;Senhor Lula da Silva, se voc\u00ea espera que Haddad se torne presidente para o perdoar, vou dizer-lhe uma coisa, voc\u00ea vai apodrecer na pris\u00e3o&#8221;, declarou, na mensagem v\u00eddeo. &#8220;Ali\u00e1s, Haddad vai tamb\u00e9m [para a pris\u00e3o]. N\u00e3o para lhe fazer uma visita, mas para ficar alguns anos consigo (&#8230;). Como gosta tanto dele, voc\u00eas v\u00e3o apodrecer os dois na pris\u00e3o&#8221;, acrescentou Bolsonaro. Para Andr\u00e9 C\u00e9sar, analista do gabinete de consultoria Hold, estas afirma\u00e7\u00f5es fazem parte do &#8220;&#8216;kit&#8217; habitual&#8221; de Bolsonaro e n\u00e3o devem ter impacto nas inten\u00e7\u00f5es de voto. &#8220;Isto n\u00e3o muda nada. As posi\u00e7\u00f5es est\u00e3o definidas, tanto de um lado como do outro. Mesmo que aconte\u00e7a alguma coisa de grave, isso n\u00e3o iria mudar um resultado que parece definido&#8221;, disse. Mesmo o esc\u00e2ndalo do alegado financiamento por empresas de distribui\u00e7\u00e3o massiva de mensagens anti-PT atrav\u00e9s da rede social WhatsApp n\u00e3o parece afetar o candidato da extrema-direita, uma situa\u00e7\u00e3o denunciada pelo jornal Folha de S. Paulo. &#8220;N\u00f3s vamos ganhar esta guerra. Folha de S\u00e3o Paulo: voc\u00eas v\u00e3o deixar de ter direito ao man\u00e1 publicit\u00e1rio do governo. Somos pela liberdade de imprensa, mas com responsabilidade&#8221;, amea\u00e7ou Bolsonaro.\" \/>\n<meta property=\"og:url\" content=\"https:\/\/www.tvm.co.mz\/novosite\/2018\/10\/23\/bolsonaro-promete-limpar-o-brasil-dos-marginais-vermelhos\/\" \/>\n<meta property=\"og:site_name\" content=\"TVM - Televis\u00e3o de Mo\u00e7ambique\" \/>\n<meta property=\"article:publisher\" content=\"https:\/\/www.facebook.com\/mocambique.tvm\/\" \/>\n<meta property=\"article:published_time\" content=\"2018-10-23T09:29:53+00:00\" \/>\n<meta property=\"og:image\" content=\"https:\/\/static.noticiasaominuto.com\/stockimages\/1920\/25006237.jpg?1540279602\" \/>\n<meta name=\"author\" content=\"Leopoldino Bambo\" \/>\n<meta name=\"twitter:card\" content=\"summary_large_image\" \/>\n<meta name=\"twitter:label1\" content=\"Escrito por\" \/>\n\t<meta name=\"twitter:data1\" content=\"Leopoldino Bambo\" \/>\n\t<meta name=\"twitter:label2\" content=\"Tempo estimado de leitura\" \/>\n\t<meta name=\"twitter:data2\" content=\"3 minutos\" \/>\n<script type=\"application\/ld+json\" class=\"yoast-schema-graph\">{\"@context\":\"https:\\\/\\\/schema.org\",\"@graph\":[{\"@type\":\"Article\",\"@id\":\"https:\\\/\\\/www.tvm.co.mz\\\/novosite\\\/2018\\\/10\\\/23\\\/bolsonaro-promete-limpar-o-brasil-dos-marginais-vermelhos\\\/#article\",\"isPartOf\":{\"@id\":\"https:\\\/\\\/www.tvm.co.mz\\\/novosite\\\/2018\\\/10\\\/23\\\/bolsonaro-promete-limpar-o-brasil-dos-marginais-vermelhos\\\/\"},\"author\":{\"name\":\"Leopoldino Bambo\",\"@id\":\"https:\\\/\\\/www.tvm.co.mz\\\/novosite\\\/#\\\/schema\\\/person\\\/e0c12bde9d88d0f565050c69026b2153\"},\"headline\":\"Bolsonaro promete &#8220;limpar&#8221; o Brasil dos &#8220;marginais vermelhos&#8221;\",\"datePublished\":\"2018-10-23T09:29:53+00:00\",\"mainEntityOfPage\":{\"@id\":\"https:\\\/\\\/www.tvm.co.mz\\\/novosite\\\/2018\\\/10\\\/23\\\/bolsonaro-promete-limpar-o-brasil-dos-marginais-vermelhos\\\/\"},\"wordCount\":619,\"commentCount\":0,\"publisher\":{\"@id\":\"https:\\\/\\\/www.tvm.co.mz\\\/novosite\\\/#organization\"},\"image\":{\"@id\":\"https:\\\/\\\/www.tvm.co.mz\\\/novosite\\\/2018\\\/10\\\/23\\\/bolsonaro-promete-limpar-o-brasil-dos-marginais-vermelhos\\\/#primaryimage\"},\"thumbnailUrl\":\"https:\\\/\\\/static.noticiasaominuto.com\\\/stockimages\\\/1920\\\/25006237.jpg?1540279602\",\"articleSection\":[\"Mundo\"],\"inLanguage\":\"pt-PT\"},{\"@type\":\"WebPage\",\"@id\":\"https:\\\/\\\/www.tvm.co.mz\\\/novosite\\\/2018\\\/10\\\/23\\\/bolsonaro-promete-limpar-o-brasil-dos-marginais-vermelhos\\\/\",\"url\":\"https:\\\/\\\/www.tvm.co.mz\\\/novosite\\\/2018\\\/10\\\/23\\\/bolsonaro-promete-limpar-o-brasil-dos-marginais-vermelhos\\\/\",\"name\":\"Bolsonaro promete \\\"limpar\\\" o Brasil dos \\\"marginais vermelhos\\\" - TVM - Televis\u00e3o de Mo\u00e7ambique\",\"isPartOf\":{\"@id\":\"https:\\\/\\\/www.tvm.co.mz\\\/novosite\\\/#website\"},\"primaryImageOfPage\":{\"@id\":\"https:\\\/\\\/www.tvm.co.mz\\\/novosite\\\/2018\\\/10\\\/23\\\/bolsonaro-promete-limpar-o-brasil-dos-marginais-vermelhos\\\/#primaryimage\"},\"image\":{\"@id\":\"https:\\\/\\\/www.tvm.co.mz\\\/novosite\\\/2018\\\/10\\\/23\\\/bolsonaro-promete-limpar-o-brasil-dos-marginais-vermelhos\\\/#primaryimage\"},\"thumbnailUrl\":\"https:\\\/\\\/static.noticiasaominuto.com\\\/stockimages\\\/1920\\\/25006237.jpg?1540279602\",\"datePublished\":\"2018-10-23T09:29:53+00:00\",\"breadcrumb\":{\"@id\":\"https:\\\/\\\/www.tvm.co.mz\\\/novosite\\\/2018\\\/10\\\/23\\\/bolsonaro-promete-limpar-o-brasil-dos-marginais-vermelhos\\\/#breadcrumb\"},\"inLanguage\":\"pt-PT\",\"potentialAction\":[{\"@type\":\"ReadAction\",\"target\":[\"https:\\\/\\\/www.tvm.co.mz\\\/novosite\\\/2018\\\/10\\\/23\\\/bolsonaro-promete-limpar-o-brasil-dos-marginais-vermelhos\\\/\"]}]},{\"@type\":\"ImageObject\",\"inLanguage\":\"pt-PT\",\"@id\":\"https:\\\/\\\/www.tvm.co.mz\\\/novosite\\\/2018\\\/10\\\/23\\\/bolsonaro-promete-limpar-o-brasil-dos-marginais-vermelhos\\\/#primaryimage\",\"url\":\"https:\\\/\\\/static.noticiasaominuto.com\\\/stockimages\\\/1920\\\/25006237.jpg?1540279602\",\"contentUrl\":\"https:\\\/\\\/static.noticiasaominuto.com\\\/stockimages\\\/1920\\\/25006237.jpg?1540279602\"},{\"@type\":\"BreadcrumbList\",\"@id\":\"https:\\\/\\\/www.tvm.co.mz\\\/novosite\\\/2018\\\/10\\\/23\\\/bolsonaro-promete-limpar-o-brasil-dos-marginais-vermelhos\\\/#breadcrumb\",\"itemListElement\":[{\"@type\":\"ListItem\",\"position\":1,\"name\":\"In\u00edcio\",\"item\":\"https:\\\/\\\/www.tvm.co.mz\\\/novosite\\\/\"},{\"@type\":\"ListItem\",\"position\":2,\"name\":\"Bolsonaro promete &#8220;limpar&#8221; o Brasil dos &#8220;marginais vermelhos&#8221;\"}]},{\"@type\":\"WebSite\",\"@id\":\"https:\\\/\\\/www.tvm.co.mz\\\/novosite\\\/#website\",\"url\":\"https:\\\/\\\/www.tvm.co.mz\\\/novosite\\\/\",\"name\":\"TVM\",\"description\":\"\",\"publisher\":{\"@id\":\"https:\\\/\\\/www.tvm.co.mz\\\/novosite\\\/#organization\"},\"potentialAction\":[{\"@type\":\"SearchAction\",\"target\":{\"@type\":\"EntryPoint\",\"urlTemplate\":\"https:\\\/\\\/www.tvm.co.mz\\\/novosite\\\/?s={search_term_string}\"},\"query-input\":{\"@type\":\"PropertyValueSpecification\",\"valueRequired\":true,\"valueName\":\"search_term_string\"}}],\"inLanguage\":\"pt-PT\"},{\"@type\":\"Organization\",\"@id\":\"https:\\\/\\\/www.tvm.co.mz\\\/novosite\\\/#organization\",\"name\":\"Televis\u00e3o de Mo\u00e7ambique\",\"url\":\"https:\\\/\\\/www.tvm.co.mz\\\/novosite\\\/\",\"logo\":{\"@type\":\"ImageObject\",\"inLanguage\":\"pt-PT\",\"@id\":\"https:\\\/\\\/www.tvm.co.mz\\\/novosite\\\/#\\\/schema\\\/logo\\\/image\\\/\",\"url\":\"\",\"contentUrl\":\"\",\"caption\":\"Televis\u00e3o de Mo\u00e7ambique\"},\"image\":{\"@id\":\"https:\\\/\\\/www.tvm.co.mz\\\/novosite\\\/#\\\/schema\\\/logo\\\/image\\\/\"},\"sameAs\":[\"https:\\\/\\\/www.facebook.com\\\/mocambique.tvm\\\/\",\"https:\\\/\\\/www.instagram.com\\\/tvm.mocambique\\\/\",\"https:\\\/\\\/www.youtube.com\\\/channel\\\/UCfRoEW08udEmsPSIt_YDK_w\"]},{\"@type\":\"Person\",\"@id\":\"https:\\\/\\\/www.tvm.co.mz\\\/novosite\\\/#\\\/schema\\\/person\\\/e0c12bde9d88d0f565050c69026b2153\",\"name\":\"Leopoldino Bambo\",\"image\":{\"@type\":\"ImageObject\",\"inLanguage\":\"pt-PT\",\"@id\":\"https:\\\/\\\/secure.gravatar.com\\\/avatar\\\/a46f76d18fbd6ecb2837dc42d02d7f8deb29bd50e7b92ef10700b19b5dd427f4?s=96&d=mm&r=g\",\"url\":\"https:\\\/\\\/secure.gravatar.com\\\/avatar\\\/a46f76d18fbd6ecb2837dc42d02d7f8deb29bd50e7b92ef10700b19b5dd427f4?s=96&d=mm&r=g\",\"contentUrl\":\"https:\\\/\\\/secure.gravatar.com\\\/avatar\\\/a46f76d18fbd6ecb2837dc42d02d7f8deb29bd50e7b92ef10700b19b5dd427f4?s=96&d=mm&r=g\",\"caption\":\"Leopoldino Bambo\"},\"url\":\"https:\\\/\\\/www.tvm.co.mz\\\/novosite\\\/author\\\/lbambo\\\/\"}]}<\/script>\n<!-- \/ Yoast SEO plugin. -->","yoast_head_json":{"title":"Bolsonaro promete \"limpar\" o Brasil dos \"marginais vermelhos\" - TVM - Televis\u00e3o de Mo\u00e7ambique","robots":{"index":"index","follow":"follow","max-snippet":"max-snippet:-1","max-image-preview":"max-image-preview:large","max-video-preview":"max-video-preview:-1"},"canonical":"https:\/\/www.tvm.co.mz\/novosite\/2018\/10\/23\/bolsonaro-promete-limpar-o-brasil-dos-marginais-vermelhos\/","og_locale":"pt_PT","og_type":"article","og_title":"Bolsonaro promete \"limpar\" o Brasil dos \"marginais vermelhos\" - TVM - Televis\u00e3o de Mo\u00e7ambique","og_description":"O candidato \u00e0 Presid\u00eancia do Brasil Jair Bolsonaro, fez afirma\u00e7\u00f5es incendi\u00e1rias sobre a esquerda, a alguns dias de uma vit\u00f3ria que parece adquirida, prometendo &#8220;limpar&#8221; o pa\u00eds dos &#8220;marginais vermelhos&#8221;.Grande favorito na segunda volta das presidenciais, no domingo, o candidato de extrema-direita garantiu que o ex-presidente Luiz In\u00e1cio Lula da Silva ia &#8220;apodrecer na pris\u00e3o&#8221;. Estas afirma\u00e7\u00f5es, no domingo, vieram coroar uma campanha marcada por numerosos epis\u00f3dios de viol\u00eancia, designadamente agress\u00f5es contra jornalistas, homossexuais e militantes anti-Bolsonaro. O ex-capit\u00e3o do Ex\u00e9rcito atacou a esquerda, ao dirigir-se a apoiantes que se manifestavam em S\u00e3o Paulo, atrav\u00e9s de uma mensagem em v\u00eddeo, que foi transmitida em direto a partir da sua casa no Rio de Janeiro. Nesta ocasi\u00e3o, falou em &#8220;limpeza em profundidade&#8221;, n\u00e3o deixando aos seus opositores de esquerda outra escolha al\u00e9m do ex\u00edlio ou da pris\u00e3o. &#8220;Se esse grupo quiser continuar c\u00e1, vai ter de se submeter \u00e0 lei, como todos os outros. Ou saem [do pa\u00eds] ou v\u00e3o para a pris\u00e3o. Esses marginais vermelhos v\u00e3o ser proibidos [de ficarem] na nossa p\u00e1tria&#8221;, declarou. Maur\u00edcio Santoro, professor de Ci\u00eancia Pol\u00edtica na Universidade do Estado do Rio de Janeiro (Uerj), inquieta-se com a dimens\u00e3o do termo &#8216;vermelhos&#8217;. &#8220;Quem s\u00e3o estes vermelhos? Os que n\u00e3o est\u00e3o de acordo com ele? Todas as pessoas de esquerda, todos os progressistas? \u00c9 um discurso de incitamento ao \u00f3dio por parte de uma corrente pol\u00edtica&#8221;, acentuou. Bolsonaro sempre utilizou um tom agressivo para se referir aos seus advers\u00e1rios pol\u00edticos, mas baixou ligeiramente o tom depois de se apurar para a segunda volta das elei\u00e7\u00f5es presidenciais, em 7 de outubro. Esta agressividade acrescida \u00e9 atribu\u00edda \u00e0 vantagem que as sondagens lhe d\u00e3o, ao credit\u00e1-lo com 59% das inten\u00e7\u00f5es de voto atualmente. &#8220;\u00c9 justamente esta vantagem que explica este tom agressivo. Ele quer utilizar a sua popularidade para fazer passar um programa extremista. Depois de ter sido ridicularizado pela esquerda durante cerca de 30 anos, ele pode agora contra-atacar&#8221;, sublinhou Santoro. O seu alvo predileto \u00e9 Lula, que cumpre desde abril uma pena de 12 anos e seis meses de pris\u00e3o, por corrup\u00e7\u00e3o, tendo sido substitu\u00eddo na corrida presidencial por Fernando Haddad (Partido dos Trabalhadores), ap\u00f3s ter sido declarado ineleg\u00edvel. &#8220;Senhor Lula da Silva, se voc\u00ea espera que Haddad se torne presidente para o perdoar, vou dizer-lhe uma coisa, voc\u00ea vai apodrecer na pris\u00e3o&#8221;, declarou, na mensagem v\u00eddeo. &#8220;Ali\u00e1s, Haddad vai tamb\u00e9m [para a pris\u00e3o]. N\u00e3o para lhe fazer uma visita, mas para ficar alguns anos consigo (&#8230;). Como gosta tanto dele, voc\u00eas v\u00e3o apodrecer os dois na pris\u00e3o&#8221;, acrescentou Bolsonaro. Para Andr\u00e9 C\u00e9sar, analista do gabinete de consultoria Hold, estas afirma\u00e7\u00f5es fazem parte do &#8220;&#8216;kit&#8217; habitual&#8221; de Bolsonaro e n\u00e3o devem ter impacto nas inten\u00e7\u00f5es de voto. &#8220;Isto n\u00e3o muda nada. As posi\u00e7\u00f5es est\u00e3o definidas, tanto de um lado como do outro. Mesmo que aconte\u00e7a alguma coisa de grave, isso n\u00e3o iria mudar um resultado que parece definido&#8221;, disse. Mesmo o esc\u00e2ndalo do alegado financiamento por empresas de distribui\u00e7\u00e3o massiva de mensagens anti-PT atrav\u00e9s da rede social WhatsApp n\u00e3o parece afetar o candidato da extrema-direita, uma situa\u00e7\u00e3o denunciada pelo jornal Folha de S. Paulo. &#8220;N\u00f3s vamos ganhar esta guerra. Folha de S\u00e3o Paulo: voc\u00eas v\u00e3o deixar de ter direito ao man\u00e1 publicit\u00e1rio do governo. Somos pela liberdade de imprensa, mas com responsabilidade&#8221;, amea\u00e7ou Bolsonaro.","og_url":"https:\/\/www.tvm.co.mz\/novosite\/2018\/10\/23\/bolsonaro-promete-limpar-o-brasil-dos-marginais-vermelhos\/","og_site_name":"TVM - Televis\u00e3o de Mo\u00e7ambique","article_publisher":"https:\/\/www.facebook.com\/mocambique.tvm\/","article_published_time":"2018-10-23T09:29:53+00:00","og_image":[{"url":"https:\/\/static.noticiasaominuto.com\/stockimages\/1920\/25006237.jpg?1540279602","type":"","width":"","height":""}],"author":"Leopoldino Bambo","twitter_card":"summary_large_image","twitter_misc":{"Escrito por":"Leopoldino Bambo","Tempo estimado de leitura":"3 minutos"},"schema":{"@context":"https:\/\/schema.org","@graph":[{"@type":"Article","@id":"https:\/\/www.tvm.co.mz\/novosite\/2018\/10\/23\/bolsonaro-promete-limpar-o-brasil-dos-marginais-vermelhos\/#article","isPartOf":{"@id":"https:\/\/www.tvm.co.mz\/novosite\/2018\/10\/23\/bolsonaro-promete-limpar-o-brasil-dos-marginais-vermelhos\/"},"author":{"name":"Leopoldino Bambo","@id":"https:\/\/www.tvm.co.mz\/novosite\/#\/schema\/person\/e0c12bde9d88d0f565050c69026b2153"},"headline":"Bolsonaro promete &#8220;limpar&#8221; o Brasil dos &#8220;marginais vermelhos&#8221;","datePublished":"2018-10-23T09:29:53+00:00","mainEntityOfPage":{"@id":"https:\/\/www.tvm.co.mz\/novosite\/2018\/10\/23\/bolsonaro-promete-limpar-o-brasil-dos-marginais-vermelhos\/"},"wordCount":619,"commentCount":0,"publisher":{"@id":"https:\/\/www.tvm.co.mz\/novosite\/#organization"},"image":{"@id":"https:\/\/www.tvm.co.mz\/novosite\/2018\/10\/23\/bolsonaro-promete-limpar-o-brasil-dos-marginais-vermelhos\/#primaryimage"},"thumbnailUrl":"https:\/\/static.noticiasaominuto.com\/stockimages\/1920\/25006237.jpg?1540279602","articleSection":["Mundo"],"inLanguage":"pt-PT"},{"@type":"WebPage","@id":"https:\/\/www.tvm.co.mz\/novosite\/2018\/10\/23\/bolsonaro-promete-limpar-o-brasil-dos-marginais-vermelhos\/","url":"https:\/\/www.tvm.co.mz\/novosite\/2018\/10\/23\/bolsonaro-promete-limpar-o-brasil-dos-marginais-vermelhos\/","name":"Bolsonaro promete \"limpar\" o Brasil dos \"marginais vermelhos\" - TVM - Televis\u00e3o de Mo\u00e7ambique","isPartOf":{"@id":"https:\/\/www.tvm.co.mz\/novosite\/#website"},"primaryImageOfPage":{"@id":"https:\/\/www.tvm.co.mz\/novosite\/2018\/10\/23\/bolsonaro-promete-limpar-o-brasil-dos-marginais-vermelhos\/#primaryimage"},"image":{"@id":"https:\/\/www.tvm.co.mz\/novosite\/2018\/10\/23\/bolsonaro-promete-limpar-o-brasil-dos-marginais-vermelhos\/#primaryimage"},"thumbnailUrl":"https:\/\/static.noticiasaominuto.com\/stockimages\/1920\/25006237.jpg?1540279602","datePublished":"2018-10-23T09:29:53+00:00","breadcrumb":{"@id":"https:\/\/www.tvm.co.mz\/novosite\/2018\/10\/23\/bolsonaro-promete-limpar-o-brasil-dos-marginais-vermelhos\/#breadcrumb"},"inLanguage":"pt-PT","potentialAction":[{"@type":"ReadAction","target":["https:\/\/www.tvm.co.mz\/novosite\/2018\/10\/23\/bolsonaro-promete-limpar-o-brasil-dos-marginais-vermelhos\/"]}]},{"@type":"ImageObject","inLanguage":"pt-PT","@id":"https:\/\/www.tvm.co.mz\/novosite\/2018\/10\/23\/bolsonaro-promete-limpar-o-brasil-dos-marginais-vermelhos\/#primaryimage","url":"https:\/\/static.noticiasaominuto.com\/stockimages\/1920\/25006237.jpg?1540279602","contentUrl":"https:\/\/static.noticiasaominuto.com\/stockimages\/1920\/25006237.jpg?1540279602"},{"@type":"BreadcrumbList","@id":"https:\/\/www.tvm.co.mz\/novosite\/2018\/10\/23\/bolsonaro-promete-limpar-o-brasil-dos-marginais-vermelhos\/#breadcrumb","itemListElement":[{"@type":"ListItem","position":1,"name":"In\u00edcio","item":"https:\/\/www.tvm.co.mz\/novosite\/"},{"@type":"ListItem","position":2,"name":"Bolsonaro promete &#8220;limpar&#8221; o Brasil dos &#8220;marginais vermelhos&#8221;"}]},{"@type":"WebSite","@id":"https:\/\/www.tvm.co.mz\/novosite\/#website","url":"https:\/\/www.tvm.co.mz\/novosite\/","name":"TVM","description":"","publisher":{"@id":"https:\/\/www.tvm.co.mz\/novosite\/#organization"},"potentialAction":[{"@type":"SearchAction","target":{"@type":"EntryPoint","urlTemplate":"https:\/\/www.tvm.co.mz\/novosite\/?s={search_term_string}"},"query-input":{"@type":"PropertyValueSpecification","valueRequired":true,"valueName":"search_term_string"}}],"inLanguage":"pt-PT"},{"@type":"Organization","@id":"https:\/\/www.tvm.co.mz\/novosite\/#organization","name":"Televis\u00e3o de Mo\u00e7ambique","url":"https:\/\/www.tvm.co.mz\/novosite\/","logo":{"@type":"ImageObject","inLanguage":"pt-PT","@id":"https:\/\/www.tvm.co.mz\/novosite\/#\/schema\/logo\/image\/","url":"","contentUrl":"","caption":"Televis\u00e3o de Mo\u00e7ambique"},"image":{"@id":"https:\/\/www.tvm.co.mz\/novosite\/#\/schema\/logo\/image\/"},"sameAs":["https:\/\/www.facebook.com\/mocambique.tvm\/","https:\/\/www.instagram.com\/tvm.mocambique\/","https:\/\/www.youtube.com\/channel\/UCfRoEW08udEmsPSIt_YDK_w"]},{"@type":"Person","@id":"https:\/\/www.tvm.co.mz\/novosite\/#\/schema\/person\/e0c12bde9d88d0f565050c69026b2153","name":"Leopoldino Bambo","image":{"@type":"ImageObject","inLanguage":"pt-PT","@id":"https:\/\/secure.gravatar.com\/avatar\/a46f76d18fbd6ecb2837dc42d02d7f8deb29bd50e7b92ef10700b19b5dd427f4?s=96&d=mm&r=g","url":"https:\/\/secure.gravatar.com\/avatar\/a46f76d18fbd6ecb2837dc42d02d7f8deb29bd50e7b92ef10700b19b5dd427f4?s=96&d=mm&r=g","contentUrl":"https:\/\/secure.gravatar.com\/avatar\/a46f76d18fbd6ecb2837dc42d02d7f8deb29bd50e7b92ef10700b19b5dd427f4?s=96&d=mm&r=g","caption":"Leopoldino Bambo"},"url":"https:\/\/www.tvm.co.mz\/novosite\/author\/lbambo\/"}]}},"_links":{"self":[{"href":"https:\/\/www.tvm.co.mz\/novosite\/wp-json\/wp\/v2\/posts\/4020","targetHints":{"allow":["GET"]}}],"collection":[{"href":"https:\/\/www.tvm.co.mz\/novosite\/wp-json\/wp\/v2\/posts"}],"about":[{"href":"https:\/\/www.tvm.co.mz\/novosite\/wp-json\/wp\/v2\/types\/post"}],"author":[{"embeddable":true,"href":"https:\/\/www.tvm.co.mz\/novosite\/wp-json\/wp\/v2\/users\/2"}],"replies":[{"embeddable":true,"href":"https:\/\/www.tvm.co.mz\/novosite\/wp-json\/wp\/v2\/comments?post=4020"}],"version-history":[{"count":0,"href":"https:\/\/www.tvm.co.mz\/novosite\/wp-json\/wp\/v2\/posts\/4020\/revisions"}],"wp:attachment":[{"href":"https:\/\/www.tvm.co.mz\/novosite\/wp-json\/wp\/v2\/media?parent=4020"}],"wp:term":[{"taxonomy":"category","embeddable":true,"href":"https:\/\/www.tvm.co.mz\/novosite\/wp-json\/wp\/v2\/categories?post=4020"},{"taxonomy":"post_tag","embeddable":true,"href":"https:\/\/www.tvm.co.mz\/novosite\/wp-json\/wp\/v2\/tags?post=4020"}],"curies":[{"name":"wp","href":"https:\/\/api.w.org\/{rel}","templated":true}]}}